{"id":16259,"date":"2024-08-28T08:00:53","date_gmt":"2024-08-28T08:00:53","guid":{"rendered":"https:\/\/principesdeparis.es\/principes\/?p=16259"},"modified":"2024-08-28T12:34:55","modified_gmt":"2024-08-28T12:34:55","slug":"el-parte-medico-de-aketxe-asusta","status":"publish","type":"post","link":"https:\/\/principesdeparis.es\/principes\/el-parte-medico-de-aketxe-asusta\/","title":{"rendered":"El parte m\u00e9dico de Aketxe asusta"},"content":{"rendered":"<p>El Real Zaragoza ha publicado que Ager Aketxe, uno de los jugadores que ten\u00edan que marcar diferencias esta temporada, sufre una la lesi\u00f3n del cu\u00e1driceps. Lo escueto de la nota y la falta de una mayor concreci\u00f3n m\u00e9dica sobre el grado de la lesi\u00f3n, abre para mal el abanico de la especulaci\u00f3n. En un principio se tratar\u00eda de una rotura muscular, y ya se hab\u00eda establecido un periodo de al menos un mes de recuperaci\u00f3n, pero la falta de datos conduce a ambig\u00fcedad y la preocupaci\u00f3n. \u00abEl jugador Ager Aketxe sufre una\u00a0lesi\u00f3n muscular en el cu\u00e1driceps de su pierna derecha. El jugador queda pendiente de evoluci\u00f3n\u00bb, dice la nota.<\/p>\n<p>El futbolista arrastraba molestias en esa zona que se presentaron como una posible contractura, sin embargo el domingo, en el ensayo previo al viaje a Cartagena, se resinti\u00f3 y ya se habl\u00f3 de una m\u00e1s que factible rotura de fibras. El club aplica por norma el derecho a la protecci\u00f3n de datos en el caso de lesiones de miembros de la plantilla, lo que impide por lo general, si no hay consentimiento, que se ampl\u00ede la informaci\u00f3n. Los grados de la dolencia abarcan del 1, que implicar\u00eda de una a dos semanas de baja, el 2, de tres a cuatro semanas antes de volver a competir, y el temible desgarro, que supondr\u00eda un paso por el quir\u00f3fano .<\/p>\n<p>En un principio se tratar\u00eda de un grado 2, si bien la falta de transparencia de los informes del jefe de los servicios m\u00e9dicos Ireneo de los M\u00e1rtires, muy cuestionado por los capitanes la temporada pasada ante la direcci\u00f3n del club, y de nuevo puesto en entredicho en la actual por parte del vestuario, deja en el aire la aut\u00e9ntica dimensi\u00f3n de la lesi\u00f3n de Aketxe. El fichaje del vizca\u00edno, quien lleg\u00f3 libre del Eibar tras un excelente curso personal, se realiz\u00f3 con el conocimiento de que el mediapunta necesitaba una trabajo espec\u00edfico antes de incorporarse a la competici\u00f3n. La gesti\u00f3n de esos tiempos y la urgencia por contar con su concurso por parte de V\u00edctor Fern\u00e1ndez se ha traducido en una imprudencia.<\/p>\n<p>El vizca\u00edno firm\u00f3 el d\u00eda 7 de agosto y empez\u00f3 a entrenarse con el equipo 8, pero no viaj\u00f3 al amistoso con el Levante en Teruel. S\u00ed fue citado para el estreno de Liga en C\u00e1diz y particip\u00f3 20 minutos, en los que consigui\u00f3 el tercero de los goles del Real Zaragoza en el Nuevo Mirandilla cuando el encuentro estaba sentenciado, y ya not\u00f3 las primeras molestias. En es mismo partido, Femen\u00edas sufri\u00f3 una rotura de fibras en el aductor largo de la pierna derecha que le impidi\u00f3 estar ya en el Cartagonova y que le mantendr\u00e1 en la enfermer\u00eda dos semanas m\u00e1s como m\u00ednimo.<\/p>\n<p>&nbsp;<\/p>\n<p>&nbsp;<\/p>\n","protected":false},"excerpt":{"rendered":"<p>El Real Zaragoza ha publicado que Ager Aketxe, uno de los jugadores que ten\u00edan que marcar diferencias esta temporada, sufre una la lesi\u00f3n del cu\u00e1driceps. Lo escueto de la nota y la falta de una mayor concreci\u00f3n m\u00e9dica sobre el grado de la lesi\u00f3n, abre para mal el abanico de <a class=\"read-more\" href=\"https:\/\/principesdeparis.es\/principes\/el-parte-medico-de-aketxe-asusta\/\">Sigue leyendo<\/a><\/p>\n","protected":false},"author":2,"featured_media":16260,"comment_status":"open","ping_status":"open","sticky":false,"template":"","format":"standard","meta":{"footnotes":""},"categories":[13,1],"tags":[],"class_list":["post-16259","post","type-post","status-publish","format-standard","has-post-thumbnail","hentry","category-publicidad","category-real-zaragoza"],"_links":{"self":[{"href":"https:\/\/principesdeparis.es\/principes\/wp-json\/wp\/v2\/posts\/16259","targetHints":{"allow":["GET"]}}],"collection":[{"href":"https:\/\/principesdeparis.es\/principes\/wp-json\/wp\/v2\/posts"}],"about":[{"href":"https:\/\/principesdeparis.es\/principes\/wp-json\/wp\/v2\/types\/post"}],"author":[{"embeddable":true,"href":"https:\/\/principesdeparis.es\/principes\/wp-json\/wp\/v2\/users\/2"}],"replies":[{"embeddable":true,"href":"https:\/\/principesdeparis.es\/principes\/wp-json\/wp\/v2\/comments?post=16259"}],"version-history":[{"count":13,"href":"https:\/\/principesdeparis.es\/principes\/wp-json\/wp\/v2\/posts\/16259\/revisions"}],"predecessor-version":[{"id":16281,"href":"https:\/\/principesdeparis.es\/principes\/wp-json\/wp\/v2\/posts\/16259\/revisions\/16281"}],"wp:featuredmedia":[{"embeddable":true,"href":"https:\/\/principesdeparis.es\/principes\/wp-json\/wp\/v2\/media\/16260"}],"wp:attachment":[{"href":"https:\/\/principesdeparis.es\/principes\/wp-json\/wp\/v2\/media?parent=16259"}],"wp:term":[{"taxonomy":"category","embeddable":true,"href":"https:\/\/principesdeparis.es\/principes\/wp-json\/wp\/v2\/categories?post=16259"},{"taxonomy":"post_tag","embeddable":true,"href":"https:\/\/principesdeparis.es\/principes\/wp-json\/wp\/v2\/tags?post=16259"}],"curies":[{"name":"wp","href":"https:\/\/api.w.org\/{rel}","templated":true}]}}