{"id":16273,"date":"2024-08-28T11:35:31","date_gmt":"2024-08-28T11:35:31","guid":{"rendered":"https:\/\/principesdeparis.es\/principes\/?p=16273"},"modified":"2024-08-28T13:19:55","modified_gmt":"2024-08-28T13:19:55","slug":"clemente-ahora-soy-mas-defensa-que-antes","status":"publish","type":"post","link":"https:\/\/principesdeparis.es\/principes\/clemente-ahora-soy-mas-defensa-que-antes\/","title":{"rendered":"Clemente: \u00abAhora soy m\u00e1s defensa que antes\u00bb"},"content":{"rendered":"<p><strong>Enrique Clemente<\/strong><\/p>\n<p>Celebraci\u00f3n con el Racing Ferrol: \u00abSi no sintiera que esta es mi casa, no habr\u00eda venido. Siento Zaragoza y lo que es el club de mi vida. Poco m\u00e1s puedo a\u00f1adir\u00bb.<\/p>\n<p>Regreso: \u00abUna vez salgo de Zaragoza empiezo otro camino, pero en cuanto sali\u00f3 esta oportunidad lo primero que hice fue sonre\u00edr. Inimaginable, pro yo y mi familia estamos muy ilusionados. Hay dos motivos por los que regreso, uno es el Real Zaragoza y el otro es V\u00edctor Fern\u00e1ndez, quien me ha transmitido mucha confianza y vemos el f\u00fatbol de la misma forma\u00bb.<\/p>\n<p>Proyecto: \u00abEste club todo los a\u00f1os debe aspirar a lo m\u00e1ximo y esto a\u00f1o se est\u00e1n haciendo las cosas muy bien. SE ha empezado muy bien aunque debemos ser realistas\u00bb.<\/p>\n<p>Evoluci\u00f3n: \u00abAl principio f\u00edsicamente no estaba hecho. He ido creciendo y lo noto en los duelos. Ahora soy m\u00e1s defensa que antes. He jugado m\u00e1s de central pero me siento c\u00f3modo de lateral o como tercer central\u00bb.<\/p>\n<p>Similitud: \u00abLa hay con V\u00edctor y con la misma ilusi\u00f3n de aquella temporada. Debemos seguir con la ilusi\u00f3n controlada. Esperemos que sea buena y con otro final m\u00e1s feliz\u00bb<\/p>\n<p>El equipo: \u00abVi al equipo. Quiere tener la iniciativa atrayendo al rival para crear espacios. Hay gente joven y muy comprometida, con hambre. Hay un grupo muy joven. Estoy sorprendido por las victorias pero se puede seguir esa l\u00ednea\u00bb,<\/p>\n<p><strong>Bernardo Vital<\/strong><\/p>\n<p>Objetivo: \u00abTenemos que ser humildes, con la vista puesta en el partido de Mirand\u00e9s y en el trabajo diario\u00bb<\/p>\n<p>Cualidades: \u00abTengo una buena salida de bal\u00f3n y buen posicionamiento y eso me facilita dar pases interiores. Soy un central que marca muy encima pero me adapto al rival\u00bb.<\/p>\n<p><strong>Sebastian Kosa<\/strong><\/p>\n<p>Por qu\u00e9 el Real Zaragoza: \u00abEl Real Zaragoza es un club con una gran historia y no tuve dudas en aceptar la oferta\u00bb<\/p>\n<p>F\u00edsicamente: \u00abEstoy listo para empezar\u00bb.<\/p>\n<p>Cualidades: \u00abSoy fuerte y tengo velocidad\u00bb.<\/p>\n<p>Adaptaci\u00f3n: \u00abEstoy adapt\u00e1ndome muy bien gracias al club y mis compa\u00f1eros\u00bb.<\/p>\n<p>Que le parece el equipo: \u00abFue un partido complicado el de Cartagena pero todo sali\u00f3 bien\u00bb.<\/p>\n<p>La Segunda: \u00abEs un competici\u00f3n de mucha dificultad\u00bb<\/p>\n<p><strong>Juan Carlos Cordero<\/strong><\/p>\n<p>La defensa. \u00abTodo sigue abierto, no doy nada por cerrado viendo las posibilidades para mejorar la plantilla en cualquier posici\u00f3n. Me gustan las plantillas amplias\u00bb.<\/p>\n<p>\u00abLa idea es incorporar, ya van once incorporaciones y ocho salidas y seguimos insistiendo para traer jugadores que nos mejoren\u00bb.<\/p>\n<p>Rescisiones: \u00abMi forma de trabajar no es la de despedir si no negociar y en ello estamos\u00bb.<\/p>\n<p>Refuerzos: \u00abHoy presentamos a tres centrales. Nos falta gente arriba, por los extremos. Ese ser\u00eda el siguiente paso\u00bb.<\/p>\n<p>Gori y Nieto: \u00abHasta que no se cierre el mercado queda abierto que se quede, sea cedido o se incorpore al filial. Nieto se ha ganado el derecho de seguir recuper\u00e1ndose con nosotros\u00bb.<\/p>\n<p>Lejos de otros clubes: \u00abNing\u00fan equipo estar\u00e1 completo cuando acabe el mercado. Estamos con la intenci\u00f3n de darle lo mejor a V\u00edctor\u00bb.<\/p>\n<p>&nbsp;<\/p>\n<p>&nbsp;<\/p>\n<p>&nbsp;<\/p>\n<p>&nbsp;<\/p>\n","protected":false},"excerpt":{"rendered":"<p>Enrique Clemente Celebraci\u00f3n con el Racing Ferrol: \u00abSi no sintiera que esta es mi casa, no habr\u00eda venido. Siento Zaragoza y lo que es el club de mi vida. Poco m\u00e1s puedo a\u00f1adir\u00bb. Regreso: \u00abUna vez salgo de Zaragoza empiezo otro camino, pero en cuanto sali\u00f3 esta oportunidad lo primero <a class=\"read-more\" href=\"https:\/\/principesdeparis.es\/principes\/clemente-ahora-soy-mas-defensa-que-antes\/\">Sigue leyendo<\/a><\/p>\n","protected":false},"author":2,"featured_media":16275,"comment_status":"open","ping_status":"open","sticky":false,"template":"","format":"standard","meta":{"footnotes":""},"categories":[13,1],"tags":[],"class_list":["post-16273","post","type-post","status-publish","format-standard","has-post-thumbnail","hentry","category-publicidad","category-real-zaragoza"],"_links":{"self":[{"href":"https:\/\/principesdeparis.es\/principes\/wp-json\/wp\/v2\/posts\/16273","targetHints":{"allow":["GET"]}}],"collection":[{"href":"https:\/\/principesdeparis.es\/principes\/wp-json\/wp\/v2\/posts"}],"about":[{"href":"https:\/\/principesdeparis.es\/principes\/wp-json\/wp\/v2\/types\/post"}],"author":[{"embeddable":true,"href":"https:\/\/principesdeparis.es\/principes\/wp-json\/wp\/v2\/users\/2"}],"replies":[{"embeddable":true,"href":"https:\/\/principesdeparis.es\/principes\/wp-json\/wp\/v2\/comments?post=16273"}],"version-history":[{"count":7,"href":"https:\/\/principesdeparis.es\/principes\/wp-json\/wp\/v2\/posts\/16273\/revisions"}],"predecessor-version":[{"id":16286,"href":"https:\/\/principesdeparis.es\/principes\/wp-json\/wp\/v2\/posts\/16273\/revisions\/16286"}],"wp:featuredmedia":[{"embeddable":true,"href":"https:\/\/principesdeparis.es\/principes\/wp-json\/wp\/v2\/media\/16275"}],"wp:attachment":[{"href":"https:\/\/principesdeparis.es\/principes\/wp-json\/wp\/v2\/media?parent=16273"}],"wp:term":[{"taxonomy":"category","embeddable":true,"href":"https:\/\/principesdeparis.es\/principes\/wp-json\/wp\/v2\/categories?post=16273"},{"taxonomy":"post_tag","embeddable":true,"href":"https:\/\/principesdeparis.es\/principes\/wp-json\/wp\/v2\/tags?post=16273"}],"curies":[{"name":"wp","href":"https:\/\/api.w.org\/{rel}","templated":true}]}}