{"id":16289,"date":"2024-08-29T00:44:40","date_gmt":"2024-08-29T00:44:40","guid":{"rendered":"https:\/\/principesdeparis.es\/principes\/?p=16289"},"modified":"2024-08-29T05:45:05","modified_gmt":"2024-08-29T05:45:05","slug":"almudena-y-los-atentados-de-las-redes-sociales","status":"publish","type":"post","link":"https:\/\/principesdeparis.es\/principes\/almudena-y-los-atentados-de-las-redes-sociales\/","title":{"rendered":"Almudena y los atentados de las redes sociales"},"content":{"rendered":"<p>Almudena Sope\u00f1a, una aficionada del Real Zaragoza de toda la vida y todo el coraz\u00f3n, ha recibido un ataque infame hacia su persona en la plataforma X. El propietario de una cuenta se refiri\u00f3 a su f\u00edsico con una fotograf\u00eda y un texto que no merecen la pena recogerse en este espacio, pero que consigui\u00f3 hacer diana en la especial y personal situaci\u00f3n que atraviesa la seguidora acosada, que retuite\u00f3 el post con valent\u00eda \u00abcamino del juzgado\u00bb no para contratacar sino para explicar su caso y solidarizarse con quienes est\u00e1n atravesando una coyuntura similar de trastorno y depresi\u00f3n.\u00a0 Como hicieron cientos de seguidores, Pr\u00edncipes de Par\u00eds env\u00eda todo su apoyo y cari\u00f1o a Almudena, una mujer fuerte y sensible que afronta ahora dos batallas: el rastreo y la localizaci\u00f3n del perfil desde donde se vomit\u00f3 ese veneno y la reconquista de su salud mental. Sabemos que su Real Zaragoza tambi\u00e9n estar\u00e1 a su lado p\u00fablicamente, al igual que ella lo est\u00e1 en La Romareda y en la mayor\u00eda de los desplazamientos del equipo, en primera l\u00ednea, con su bandera, pancarta o bufanda al viento en los buenos y en los malos los momentos, como debe ser con los amores que ni la muerte separan.<\/p>\n<p>Habr\u00e1 quien puntualice que esto no tiene nada que ver con el f\u00fatbol, pero no es as\u00ed puesto que este deporte es uno de los grandes espejos de la sociedad y, por lo tanto, refleja tambi\u00e9n su lado oscuro, sucio. Las redes sociales se han hecho fuertes a todos los niveles como herramientas de comunicaci\u00f3n en el mejor de los casos y como cloaca inmunda en su cada vez m\u00e1s arraigada y terrible versi\u00f3n. Almudena, muy activa y respetuosa en sus comentarios y opiniones, ha sido v\u00edctima sin victimizarse en ning\u00fan instante (hay que tener pulso de hierro y generosidad para hacerlo en tales circunstancias) de un monstruo que vamos alimentando con el consentimiento, el silencio e incluso la empat\u00eda. Fuera de control, todo vale, con una legislaci\u00f3n ambigua, pusil\u00e1nime (\u00abEl\u00a0acoso en redes sociales es delito cuando este se realiza de manera sostenida en el tiempo\u00bb) y ausente de la contundencia necesaria para que estos cobardes por lo general an\u00f3nimos reciban la pena correspondiente y la basura deje de circular con total impunidad por este conducto que no hay que prohibir pero s\u00ed acotar y castigar con el m\u00e1ximo rigor desde la primera se\u00f1al de intento de humillaci\u00f3n. Se ponga cuando se ponga en hora ese reloj corrosivo.<\/p>\n<p>Estoy absolutamente convencido de que todos los que lean este texto han recibido embestidas en las redes sociales si no tan graves como la de Almudena, s\u00ed con el suficiente acero para hacer da\u00f1o, intentar desprestigiar o crear una corriente de odio que en no pocas ocasiones anima a las manadas a solidarizarse con el emprendedor de las persecuciones. Todo el mundo tiene derecho a expresarse, pero no todas las opiniones a campar a sus anchas sin filtro alguno. Los medios de comunicaci\u00f3n, con tal de ganar audiencia,\u00a0 hemos cometido el error de promover espacios para que las informaciones y los profesionales que las han redactado sean comentados, pero tambi\u00e9n insultados y juzgados con impunidad. Es, sin duda, un ejercicio de prostituci\u00f3n por la confusi\u00f3n entre libertad y libertinaje. Se abre las puertas a la barbarie en nombre de la interactuaci\u00f3n.<\/p>\n<p>En el marco completamente desbocado de la redes, donde cualquiera puede empu\u00f1ar un arma en forma de tuit, los atentados han hallado el ecosistema perfecto. El disparo o los disparos contra Almudena Sope\u00f1a es un ejemplo que nos afecta por su proximidad y por el contenido destructor de la metralla para un ser humano que pelea por reencontrar los equilibrios que necesita para recuperar una estabilidad vital. Porque nunca un t\u00f3pico fue tan cierto como que Almudena somos todos en este universo ingobernable donde junto a usuarios cabales habitan canallas de toda clase y condici\u00f3n con licencia para matar con 280 caracteres si fuera necesario y luego desaparecer para m\u00e1s tarde asomar por otras ratoneras del despojo humano que representan. En la inscripci\u00f3n ha de establecerse una identificaci\u00f3n oficial del individuo. Eso, claro, reducir\u00eda el n\u00famero de la clientela y del negocio. Es m\u00e1s rentable la permisividad con la caza furtiva, una atractiva opci\u00f3n en este bosque enmascarado e intolerable.<\/p>\n<p><em>Foto: Instagram de Almudena Sope\u00f1a<\/em><\/p>\n","protected":false},"excerpt":{"rendered":"<p>Almudena Sope\u00f1a, una aficionada del Real Zaragoza de toda la vida y todo el coraz\u00f3n, ha recibido un ataque infame hacia su persona en la plataforma X. El propietario de una cuenta se refiri\u00f3 a su f\u00edsico con una fotograf\u00eda y un texto que no merecen la pena recogerse en <a class=\"read-more\" href=\"https:\/\/principesdeparis.es\/principes\/almudena-y-los-atentados-de-las-redes-sociales\/\">Sigue leyendo<\/a><\/p>\n","protected":false},"author":2,"featured_media":16291,"comment_status":"open","ping_status":"open","sticky":false,"template":"","format":"standard","meta":{"footnotes":""},"categories":[13,1],"tags":[],"class_list":["post-16289","post","type-post","status-publish","format-standard","has-post-thumbnail","hentry","category-publicidad","category-real-zaragoza"],"_links":{"self":[{"href":"https:\/\/principesdeparis.es\/principes\/wp-json\/wp\/v2\/posts\/16289","targetHints":{"allow":["GET"]}}],"collection":[{"href":"https:\/\/principesdeparis.es\/principes\/wp-json\/wp\/v2\/posts"}],"about":[{"href":"https:\/\/principesdeparis.es\/principes\/wp-json\/wp\/v2\/types\/post"}],"author":[{"embeddable":true,"href":"https:\/\/principesdeparis.es\/principes\/wp-json\/wp\/v2\/users\/2"}],"replies":[{"embeddable":true,"href":"https:\/\/principesdeparis.es\/principes\/wp-json\/wp\/v2\/comments?post=16289"}],"version-history":[{"count":14,"href":"https:\/\/principesdeparis.es\/principes\/wp-json\/wp\/v2\/posts\/16289\/revisions"}],"predecessor-version":[{"id":16304,"href":"https:\/\/principesdeparis.es\/principes\/wp-json\/wp\/v2\/posts\/16289\/revisions\/16304"}],"wp:featuredmedia":[{"embeddable":true,"href":"https:\/\/principesdeparis.es\/principes\/wp-json\/wp\/v2\/media\/16291"}],"wp:attachment":[{"href":"https:\/\/principesdeparis.es\/principes\/wp-json\/wp\/v2\/media?parent=16289"}],"wp:term":[{"taxonomy":"category","embeddable":true,"href":"https:\/\/principesdeparis.es\/principes\/wp-json\/wp\/v2\/categories?post=16289"},{"taxonomy":"post_tag","embeddable":true,"href":"https:\/\/principesdeparis.es\/principes\/wp-json\/wp\/v2\/tags?post=16289"}],"curies":[{"name":"wp","href":"https:\/\/api.w.org\/{rel}","templated":true}]}}