{"id":163,"date":"2021-01-22T22:45:01","date_gmt":"2021-01-22T22:45:01","guid":{"rendered":"https:\/\/principesdeparis.es\/principes\/?p=163"},"modified":"2021-01-23T00:35:42","modified_gmt":"2021-01-23T00:35:42","slug":"maderas-y-maderos","status":"publish","type":"post","link":"https:\/\/principesdeparis.es\/principes\/maderas-y-maderos\/","title":{"rendered":"Maderas y maderos"},"content":{"rendered":"<p>No cabe duda de que el Real Zaragoza ha merecido un premio en el Carlos Belmonte, pero quiz\u00e1s no m\u00e1s del empate pese a que la<strong> traca final<\/strong> de balones a los postes y el larguero puede invitar a pensar lo contrario. Si se toma como resumen esos minutos que el Albacete ha disputado con uno menos, el conjunto de JIM saldr\u00eda vencedor. Tambi\u00e9n se puede hacer la reflexi\u00f3n contraria: si en superioridad ante un rival de vuelo muy bajo env\u00edas la pelota una vez detr\u00e1s de otra a los palos de <strong>Tomeu Nadal<\/strong> en lugar de a la red, seguramente estemos ante una buena colecci\u00f3n de malos definidores. <strong>Adri\u00e1n, Az\u00f3n, Alegr\u00eda y Narv\u00e1ez<\/strong>, con un disparo magn\u00edfico, fueron los protagonistas de ese acoso inmisericorde y pasional a la porter\u00eda manchega, que acab\u00f3 con m\u00e1s agujeros que un queso emmentaler pero en su corteza, por fuera. Desde luego que no es normal la derrota del Real Zaragoza, que empez\u00f3 por mal camino con un<strong> penalti<\/strong> de<strong> Vigaray<\/strong> muy sospechoso de no serlo, una plancha arriesgada del lateral que en la sala del VAR se vio como pena m\u00e1xima. Menos mal que los juicios civiles no se deciden a\u00fan de esta forma.<\/p>\n<p>La cuesti\u00f3n es que el equipo de<strong> Juan Ignacio Mart\u00edne<\/strong>z sum\u00f3 la primera derrota en Liga con su nuevo entrenador. Y no lo hizo contra un adversario de cierto nivel en la categor\u00eda, sino nada menos que frente al colista, a quien tuvo contra las cuerdas solo cuando la soga apretaba su gaznate. El resto del encuentro, Tomeu Nadal, al igual que Cristian, vivi\u00f3 una noche pl\u00e1cida, para escuchar grillos, antes del bombardeo m\u00e1s racial que racional del equipo aragon\u00e9s. En ese tramo de toque de corneta, JIM puso en la sart\u00e9n de todo, unos sin minutos de rodaje como<strong> Alegr\u00eda, Adri\u00e1n e Igbekeme<\/strong>, otros con nada confianza como <strong>Larrazabal<\/strong> y a <strong>Iv\u00e1n Az\u00f3n,<\/strong> quien por en\u00e9sima ocasi\u00f3n demostr\u00f3 que un segundo suyo en el c\u00e9sped es m\u00e1s valioso que media docena de partidos de <strong>El Toro Fern\u00e1ndez.<\/strong> No es criticar por deporte el uruguayo, sino m\u00e1s bien al t\u00e9cnico, quien lo ha apadrinado con fiereza y convicci\u00f3n pese a que el chico no est\u00e9 aqu\u00ed ni all\u00ed. En realidad, s\u00ed se alcanz\u00f3 ese final tan rocambolesco como desafortunado es en buena parte por esa<strong> simpat\u00eda del diablo<\/strong> por un futbolista que rebaja a la m\u00ednima expresi\u00f3n la capacidad atacante del Real Zaragoza.<\/p>\n<p>Cuando se pierde contra el \u00faltimo, y despu\u00e9s de achacarlo al infortunio como coartada incluso aceptable, hay que sentarse y admitir ciertas cosas que no son producto de la casualidad sino de la causalidad. El Real Zaragoza regres\u00f3 a los partidos oscuros, planos, muy mal interpretados tras encajar un gol. Porque fuera o no punible la entrada de Vigaray, quedaba mucha obra por delante, y m\u00e1s con la salvaci\u00f3n de por medio y contra un enemigo directo. El apag\u00f3n de<strong> Bermejo<\/strong>, que regres\u00f3 a su versi\u00f3n m\u00e1s habitual, las carreras otra vez improductivas de<strong> Zanimacchia<\/strong> y la imagen de un <strong>Francho<\/strong> sin la capacidad organizadora de otras jornadas, condujeron al pelotazo, decisi\u00f3n que el Alba acogi\u00f3 de buen grado con el 1-0 a su favor. Aguantaron los locales el sirimiri del Real Zaragoza, y se santiguaron despu\u00e9s de la tromba que se les vino encima en el pinball donde aun sigue la bola de acero sin entrar en el agujero. Por maderas y por maderos.<\/p>\n","protected":false},"excerpt":{"rendered":"<p>No cabe duda de que el Real Zaragoza ha merecido un premio en el Carlos Belmonte, pero quiz\u00e1s no m\u00e1s del empate pese a que la traca final de balones a los postes y el larguero puede invitar a pensar lo contrario. Si se toma como resumen esos minutos que <a class=\"read-more\" href=\"https:\/\/principesdeparis.es\/principes\/maderas-y-maderos\/\">Sigue leyendo<\/a><\/p>\n","protected":false},"author":2,"featured_media":168,"comment_status":"open","ping_status":"open","sticky":false,"template":"","format":"standard","meta":{"footnotes":""},"categories":[1],"tags":[],"class_list":["post-163","post","type-post","status-publish","format-standard","has-post-thumbnail","hentry","category-real-zaragoza"],"_links":{"self":[{"href":"https:\/\/principesdeparis.es\/principes\/wp-json\/wp\/v2\/posts\/163","targetHints":{"allow":["GET"]}}],"collection":[{"href":"https:\/\/principesdeparis.es\/principes\/wp-json\/wp\/v2\/posts"}],"about":[{"href":"https:\/\/principesdeparis.es\/principes\/wp-json\/wp\/v2\/types\/post"}],"author":[{"embeddable":true,"href":"https:\/\/principesdeparis.es\/principes\/wp-json\/wp\/v2\/users\/2"}],"replies":[{"embeddable":true,"href":"https:\/\/principesdeparis.es\/principes\/wp-json\/wp\/v2\/comments?post=163"}],"version-history":[{"count":6,"href":"https:\/\/principesdeparis.es\/principes\/wp-json\/wp\/v2\/posts\/163\/revisions"}],"predecessor-version":[{"id":171,"href":"https:\/\/principesdeparis.es\/principes\/wp-json\/wp\/v2\/posts\/163\/revisions\/171"}],"wp:featuredmedia":[{"embeddable":true,"href":"https:\/\/principesdeparis.es\/principes\/wp-json\/wp\/v2\/media\/168"}],"wp:attachment":[{"href":"https:\/\/principesdeparis.es\/principes\/wp-json\/wp\/v2\/media?parent=163"}],"wp:term":[{"taxonomy":"category","embeddable":true,"href":"https:\/\/principesdeparis.es\/principes\/wp-json\/wp\/v2\/categories?post=163"},{"taxonomy":"post_tag","embeddable":true,"href":"https:\/\/principesdeparis.es\/principes\/wp-json\/wp\/v2\/tags?post=163"}],"curies":[{"name":"wp","href":"https:\/\/api.w.org\/{rel}","templated":true}]}}