{"id":16308,"date":"2024-08-30T08:46:00","date_gmt":"2024-08-30T08:46:00","guid":{"rendered":"https:\/\/principesdeparis.es\/principes\/?p=16308"},"modified":"2024-08-30T12:07:56","modified_gmt":"2024-08-30T12:07:56","slug":"alberto-mari-otra-promesa-de-gol","status":"publish","type":"post","link":"https:\/\/principesdeparis.es\/principes\/alberto-mari-otra-promesa-de-gol\/","title":{"rendered":"Alberto Mar\u00ed, otra promesa de gol"},"content":{"rendered":"<p>El decimosegundo fichaje ya est\u00e1 aqu\u00ed y llega para completar la delantera del Real Zaragoza junto a Az\u00f3n, Bazdar y Sober\u00f3n. Alberto Mar\u00ed es un atacante alicantino de 23 a\u00f1os y 1,83 de altura que se incorpora procedente del Valencia en calidad de cedido sin opci\u00f3n de compra en busca de los minutos que no puede ofrecerle Rub\u00e9n Baraja en el primer equipo ch\u00e9, donde Rafa Mir, Hugo Duro y Dani G\u00f3mez le cierran todas puertas. El ext\u00e9cnico del Real Zaragoza recurri\u00f3 a este<em> 9<\/em> cuando asumi\u00f3 la responsabilidad de sacar del pozo al Valencia en la temporada 2022-2023. En un grupo de j\u00f3venes entre los que tambi\u00e9n se inclu\u00edan \u00a0Javi Guerra, Diego L\u00f3pez, Fran P\u00e9rez,\u00a0 Cristhian Mosquera, Yarek Gasiorowski, Pablo Goz\u00e1lbez, Hugo Gonz\u00e1lez, Rub\u00e9n Iranzo, C\u00e9sar T\u00e1rrega y Mario Dom\u00ednguez.<\/p>\n<p>Su presencia en la <em>Quinta del Pipo <\/em>en este periodo desde que debutara en Elche en abril de 2023 se ha reducido en su mayor parte a minutos residuales, con cinco suplencias y un gol en Vigo que sirvi\u00f3 para vencer al Celta (1-2) y tomar ox\u00edgeno para la salvaci\u00f3n. En la pasada pretemporada destac\u00f3 entre sus compa\u00f1eros, pero sufri\u00f3 una rotura en el recto femoral de la pierna derecha en un entrenamiento y estuvo varios meses de baja hasta volver en la Copa frente al Arosa. Una asistencia a Jes\u00fas V\u00e1zquez el 14 de enero en el Nuevo Mirandilla y una nueva diana en Bala\u00eddos en un partido que acab\u00f3 en empate (2-2) fue su aportaci\u00f3n el curso anterior, con tan s\u00f3lo dos titularidades,\u00a0 en Vigo y Girona.<\/p>\n<p>El ariete ha pertenecido a las canteras de H\u00e9rcules y Eibar, para ser fichado por la del del Valencia en la temporada 2021-2022 tras despuntar por su facilidad anotadora en juveniles y lograr cinco dianas en Tercera Divisi\u00f3n con el CD Vitoria vasco el a\u00f1o anterior. En su primera temporada con el Mestalla de Angulo, el alicantino firm\u00f3 seis goles en 19 partidos y consigui\u00f3 su mejor registr\u00f3 con 11 tantos en 28 partidos, lo que le hizo que el club le renovar\u00e1 hasta 2026 con una clausula de rescisi\u00f3n de 100 millones de euros. En la \u00e9lite no ha encontrado su lugar. Este ejercicio s\u00f3lo ha sumado seis minutos en la segunda jornada, lo que hace un total de 350 en total en dos a\u00f1os en la \u00e9lite.<\/p>\n<p>Mar\u00ed, perteneciente a una familia de futbolistas con pasado profesional, su padre Jos\u00e9 Miguel en la porter\u00eda del H\u00e9rcules de los 90 y su hermano Miguel, buscar\u00e1 en el Real Zaragoza tiempo y partidos para reivindicarse como el avispado ariete que destac\u00f3 en su etapa formativa. Es una promesa m\u00e1s para una l\u00ednea ofensiva donde deber\u00e1 competir con Bazdar, la gran apuesta del club, Sober\u00f3n y un Az\u00f3n siempre a la expectativa. Por el camino de las negociaciones ofensivas se han ca\u00eddo de la agenda de Juan Carlos Cordero Ni\u00f1o, del Atl\u00e9tico, y For\u00e9s, del Villarreal.<\/p>\n<blockquote class=\"twitter-tweet\">\n<p lang=\"es\" dir=\"ltr\">&#x1f92a; Est\u00e1is todos como <a href=\"https:\/\/twitter.com\/darioemehache?ref_src=twsrc%5Etfw\">@darioemehache<\/a> <\/p>\n<p>&#x1f64c; Ya le tenemos aqu\u00ed &#x1f525; <a href=\"https:\/\/t.co\/VWiw128xKm\">pic.twitter.com\/VWiw128xKm<\/a><\/p>\n<p>&mdash; Real Zaragoza (@RealZaragoza) <a href=\"https:\/\/twitter.com\/RealZaragoza\/status\/1829489359692701921?ref_src=twsrc%5Etfw\">August 30, 2024<\/a><\/p><\/blockquote>\n<p> <script async src=\"https:\/\/platform.twitter.com\/widgets.js\" charset=\"utf-8\"><\/script><\/p>\n","protected":false},"excerpt":{"rendered":"<p>El decimosegundo fichaje ya est\u00e1 aqu\u00ed y llega para completar la delantera del Real Zaragoza junto a Az\u00f3n, Bazdar y Sober\u00f3n. Alberto Mar\u00ed es un atacante alicantino de 23 a\u00f1os y 1,83 de altura que se incorpora procedente del Valencia en calidad de cedido sin opci\u00f3n de compra en busca <a class=\"read-more\" href=\"https:\/\/principesdeparis.es\/principes\/alberto-mari-otra-promesa-de-gol\/\">Sigue leyendo<\/a><\/p>\n","protected":false},"author":2,"featured_media":16321,"comment_status":"open","ping_status":"open","sticky":false,"template":"","format":"standard","meta":{"footnotes":""},"categories":[13,1],"tags":[],"class_list":["post-16308","post","type-post","status-publish","format-standard","has-post-thumbnail","hentry","category-publicidad","category-real-zaragoza"],"_links":{"self":[{"href":"https:\/\/principesdeparis.es\/principes\/wp-json\/wp\/v2\/posts\/16308","targetHints":{"allow":["GET"]}}],"collection":[{"href":"https:\/\/principesdeparis.es\/principes\/wp-json\/wp\/v2\/posts"}],"about":[{"href":"https:\/\/principesdeparis.es\/principes\/wp-json\/wp\/v2\/types\/post"}],"author":[{"embeddable":true,"href":"https:\/\/principesdeparis.es\/principes\/wp-json\/wp\/v2\/users\/2"}],"replies":[{"embeddable":true,"href":"https:\/\/principesdeparis.es\/principes\/wp-json\/wp\/v2\/comments?post=16308"}],"version-history":[{"count":4,"href":"https:\/\/principesdeparis.es\/principes\/wp-json\/wp\/v2\/posts\/16308\/revisions"}],"predecessor-version":[{"id":16320,"href":"https:\/\/principesdeparis.es\/principes\/wp-json\/wp\/v2\/posts\/16308\/revisions\/16320"}],"wp:featuredmedia":[{"embeddable":true,"href":"https:\/\/principesdeparis.es\/principes\/wp-json\/wp\/v2\/media\/16321"}],"wp:attachment":[{"href":"https:\/\/principesdeparis.es\/principes\/wp-json\/wp\/v2\/media?parent=16308"}],"wp:term":[{"taxonomy":"category","embeddable":true,"href":"https:\/\/principesdeparis.es\/principes\/wp-json\/wp\/v2\/categories?post=16308"},{"taxonomy":"post_tag","embeddable":true,"href":"https:\/\/principesdeparis.es\/principes\/wp-json\/wp\/v2\/tags?post=16308"}],"curies":[{"name":"wp","href":"https:\/\/api.w.org\/{rel}","templated":true}]}}