{"id":16312,"date":"2024-08-30T10:34:51","date_gmt":"2024-08-30T10:34:51","guid":{"rendered":"https:\/\/principesdeparis.es\/principes\/?p=16312"},"modified":"2024-08-30T10:48:37","modified_gmt":"2024-08-30T10:48:37","slug":"victor-la-plantilla-no-se-va-a-quedar-completa","status":"publish","type":"post","link":"https:\/\/principesdeparis.es\/principes\/victor-la-plantilla-no-se-va-a-quedar-completa\/","title":{"rendered":"V\u00edctor: \u00abLa plantilla no se va a quedar completa\u00bb"},"content":{"rendered":"<p><strong>Mercado y partido:<\/strong> \u00abEstoy en modo entrenador porque es mi principal obligaci\u00f3n. Queda poco para ultimar los detalles de posibles incorporaciones. Estoy tranquilo mientras se formalizan los contratos y el departamento de comunicaci\u00f3n lo hace p\u00fablico\u00bb.<\/p>\n<p><strong>Incorporaciones:<\/strong> \u00abLo voy a clavar en n\u00famero. Quedan muchas horas para que surjan opciones que puedes tener abandonadas y otras que pueden desaparecer\u00bb.<\/p>\n<p><strong>Salidas, Jair y Sabin Merino:<\/strong> \u00abLecoeuche se ha ido a Francia con posibilidades para negociar con un club franc\u00e9s (Caen) los \u00faltimos tr\u00e1mites. De Jair y Sabin no tengo m\u00e1s informaciones. Pero van a ocurrir cosas\u00bb.<\/p>\n<p><strong>Jugadores para sumar:<\/strong> \u00abDepende de lo que surja en las pr\u00f3ximas horas. Hay que so\u00f1ar siempre y ahora con m\u00e1s fundamento. No me voy a aventurar, pero redonda, redonda, no va a quedar. Es muy dif\u00edcil que podamos completar la plantilla. Porque dentro de la l\u00ednea que trazamos entre todos han de llegar jugadores de los que estemos convencidos. Los que han venido los hemos ido buscar. La plantilla no se va a quedar completa, no por dinero, ni voluntad, sino porque el mercado no nos da seguridad de que el que entre vaya a fortalecer la homogeneidad del grupo. Vendr\u00e1n los que sumen y ninguno ser\u00e1 estrella, sino buenos jugadores que un d\u00eda pueden llegar a ser estrellas. Si logramos completar una plantilla equilibrada y competitiva, tendremos m\u00e1s profundidad. Quiero que haya competencia, lo que demostrar\u00e1 que hemos mejorado. Si hay cambios no nos debe sorprender que jueguen o vayan citados ya. No vamos a acertar en todos pero s\u00ed en muchos. La afici\u00f3n que sepa que se est\u00e1n haciendo bien las cosas y que no tiene nada que ver con lo de la temporada pasada\u00bb.<\/p>\n<p><strong>Clemente y Kosa:<\/strong> \u00abClemente no das polivalencia, pierna izquierda, calidad de bal\u00f3n y nos enriquece las prestaciones de la plantilla el d\u00eda que tengamos que jugar con tres centrales. Es zaragocista y va a sumar, Lo tendr\u00e1 dif\u00edcil, como todos. Kosa me ha sorprendido su mentalidad, muy alemana, muy recto, riguroso, disciplinado, atento y trabajador. Tiene mucha altura y agilidad y es coordinado y correcto con el bal\u00f3n, y bastante r\u00e1pido. Ir\u00e1n convocados\u00bb.<\/p>\n<p><strong>Los que quedan:<\/strong> \u00abSeguramente tambi\u00e9n estar\u00e1n en Miranda. Si soy de los que estoy hablando, van seguro\u00bb.<\/p>\n<p><strong>L\u00edder silencioso:<\/strong> \u00abEs muy impactante lo que estamos haciendo porque estamos acometiendo un gran desaf\u00edo. Con lo que ten\u00edamos en los \u00faltimos a\u00f1os no nos daba. Hab\u00eda que cambiar perfiles, h\u00e1bitos y jugadores y estoy en lo cierto aunque piense alguno que soy un so\u00f1ador. La gente est\u00e1 contenta por c\u00f3mo se han logrado esas victorias. A los que me paran por la calle les digo que sean prudentes sin quitarle valor a lo que hemos hecho\u00bb.<\/p>\n<p><strong>Miranda:<\/strong> \u00abSomos un equipo nuevo y no s\u00e9 si vamos a poder marcar la pauta durante 90 minutos. Lo que s\u00ed perseguimos es tener el mayor protagonismo posible porque no hay un equipo dominante en ninguna categor\u00eda. El Mirand\u00e9s est\u00e1 extraordinariamente bien en defensa. Ya sea fuera o en casa. Viviremos un encuentro muy distinto a lo de C\u00e1diz y Cartagena. Lo que es innegociable es que tengamos actitud valiente y agresiva\u00bb.<\/p>\n<p><strong>Bazdar y Aketxe:<\/strong> \u00abBazdar es un ni\u00f1o que ha salido de un pa\u00eds con un nivel inferior de f\u00fatbol. La apuesta por Bazdar es la apuesta por el talento. Puede llegar a ser un buen jugador, pero a m\u00ed me interesa hoy. Es un cr\u00edo con muchos registros que deja muchas cosas en el campo y puede jugar en distintas zonas. Lo de Aketxe ha sido un palo, de una posible contractura hemos pasado a una rotura en una zona delicada. El chaval est\u00e1 fastidiado porque ven\u00eda con unas ganas tremendas. Hab\u00eda multiplicado mis sue\u00f1os, pero habr\u00e1 que continuar con otros\u00bb.<\/p>\n<p><strong>Lekovic y Ares:<\/strong> \u00abMe gustar\u00eda verlos como espectador en La Romareda\u2026\u00bb<\/p>\n","protected":false},"excerpt":{"rendered":"<p>Mercado y partido: \u00abEstoy en modo entrenador porque es mi principal obligaci\u00f3n. Queda poco para ultimar los detalles de posibles incorporaciones. Estoy tranquilo mientras se formalizan los contratos y el departamento de comunicaci\u00f3n lo hace p\u00fablico\u00bb. Incorporaciones: \u00abLo voy a clavar en n\u00famero. Quedan muchas horas para que surjan opciones <a class=\"read-more\" href=\"https:\/\/principesdeparis.es\/principes\/victor-la-plantilla-no-se-va-a-quedar-completa\/\">Sigue leyendo<\/a><\/p>\n","protected":false},"author":2,"featured_media":16313,"comment_status":"open","ping_status":"open","sticky":false,"template":"","format":"standard","meta":{"footnotes":""},"categories":[13,1],"tags":[],"class_list":["post-16312","post","type-post","status-publish","format-standard","has-post-thumbnail","hentry","category-publicidad","category-real-zaragoza"],"_links":{"self":[{"href":"https:\/\/principesdeparis.es\/principes\/wp-json\/wp\/v2\/posts\/16312","targetHints":{"allow":["GET"]}}],"collection":[{"href":"https:\/\/principesdeparis.es\/principes\/wp-json\/wp\/v2\/posts"}],"about":[{"href":"https:\/\/principesdeparis.es\/principes\/wp-json\/wp\/v2\/types\/post"}],"author":[{"embeddable":true,"href":"https:\/\/principesdeparis.es\/principes\/wp-json\/wp\/v2\/users\/2"}],"replies":[{"embeddable":true,"href":"https:\/\/principesdeparis.es\/principes\/wp-json\/wp\/v2\/comments?post=16312"}],"version-history":[{"count":5,"href":"https:\/\/principesdeparis.es\/principes\/wp-json\/wp\/v2\/posts\/16312\/revisions"}],"predecessor-version":[{"id":16318,"href":"https:\/\/principesdeparis.es\/principes\/wp-json\/wp\/v2\/posts\/16312\/revisions\/16318"}],"wp:featuredmedia":[{"embeddable":true,"href":"https:\/\/principesdeparis.es\/principes\/wp-json\/wp\/v2\/media\/16313"}],"wp:attachment":[{"href":"https:\/\/principesdeparis.es\/principes\/wp-json\/wp\/v2\/media?parent=16312"}],"wp:term":[{"taxonomy":"category","embeddable":true,"href":"https:\/\/principesdeparis.es\/principes\/wp-json\/wp\/v2\/categories?post=16312"},{"taxonomy":"post_tag","embeddable":true,"href":"https:\/\/principesdeparis.es\/principes\/wp-json\/wp\/v2\/tags?post=16312"}],"curies":[{"name":"wp","href":"https:\/\/api.w.org\/{rel}","templated":true}]}}