{"id":16378,"date":"2024-09-03T13:34:02","date_gmt":"2024-09-03T13:34:02","guid":{"rendered":"https:\/\/principesdeparis.es\/principes\/?p=16378"},"modified":"2024-09-03T20:04:16","modified_gmt":"2024-09-03T20:04:16","slug":"yo-hice-debutar-a-pau-sans","status":"publish","type":"post","link":"https:\/\/principesdeparis.es\/principes\/yo-hice-debutar-a-pau-sans\/","title":{"rendered":"Yo hice debutar a Pau Sans"},"content":{"rendered":"<p style=\"text-align: center;\"><em><strong>El delantero se estren\u00f3 de titular con el primer equipo en Anduva sin aclararse si fue como premio a su excelente actuaci\u00f3n en Cartagena o como avanzadilla al debut de Adu Ares<\/strong><\/em><\/p>\n<p>En el descanso del partido de Anduva, Pau Sans se qued\u00f3 en el vestuario. Hab\u00eda debutado con el primer equipo, una decisi\u00f3n del entrenador que sorprendi\u00f3 no porque no mereciera el futbolista esa oportunidad inicial, sino porque sacaba del once a Bermejo, con quien se contaba de principio teniendo en cuenta que V\u00edctor Fern\u00e1ndez suele tocar poco o nada lo que le funciona. El chico estuvo en el campo 45 minutos en los que el Real Zaragoza careci\u00f3 de ideas y de capacidad ofensiva. Pele\u00f3, se encar\u00f3 y pic\u00f3 a los espacios para domesticar algunos guijarros que le enviaron sobre todo Calero y Llu\u00eds L\u00f3pez para desembarazarse de la constante y eficaz presi\u00f3n del Mirand\u00e9s. Estuvo al mismo nivel bajo que el resto de sus compa\u00f1eros. El t\u00e9cnico le quit\u00f3 e hizo lo mismo con Sober\u00f3n para dar entrada a Az\u00f3n y Adu Ares. Buscaba otro tipo de configuraci\u00f3n ofensiva y su intento de refrescarla es comprensible. No as\u00ed que si optas por aventurarte por dar la alternativa a un jugador sea a tiempo parcial, porque en ese contexto de mala respuesta general pod\u00eda haber elegido a otro compa\u00f1ero, por ejemplo a un Bazdar in\u00e9dito.<\/p>\n<p>Este tipo de detalles que parecen menores suelen quedarse en el tintero de lo anecd\u00f3tico. Aun as\u00ed conviene sacarlos a la luz porque tienen m\u00e1s punta de lo que parece. \u00bfFue premiado por su excelente actuaci\u00f3n en Cartagena o se le utiliz\u00f3 como avanzadilla al debut de Adu Ares? Ser\u00e1 imposible demostrarlo, por supuesto bajo el mantra de que el entrenador es un ser intocable y nadie mejor que \u00e9l para hacer y deshacer por el bien de la comunidad zaragocista. Sin embargo, este deporte es tan popular precisamente por su infinita capacidad de generar opiniones muy respetables y en muchos casos argumentadas provengan de donde provengan, de una tertulia informal o de la sala del <em>big data.<\/em> No hay clase social en ese abanico de criterios que conviven en un marco democr\u00e1tico donde la universalidad golea a la especializaci\u00f3n. Pau Sans ha evolucionado lo suficiente para ser titular cada jornada o al menos para estar cerca de ella. Sin duda por encima de un Bermejo agotador al que adelanta por todos los carriles. Tiene clase, proyecci\u00f3n como realidad presente y promete relacionarse m\u00e1s con el gol. De los de arriba, s\u00f3lo Adri\u00e1n Liso apunta mejores maneras mientras Ares confirme su fama o Bazdar salga del cascar\u00f3n por completo.<\/p>\n<p>La apuesta por la cantera (\u00bfd\u00f3nde est\u00e1 el estupendo Pablo Cort\u00e9s?) no deja de ser un brindis al sol en este club que s\u00f3lo acude a la academia cuando no hay un euro en las arcas o se agolpan las ausencias. V\u00edctor Fern\u00e1ndez hizo debutar tambi\u00e9n a Alejandro Franc\u00e9s en Lugo, de lateral derecho, porque se le hab\u00edan ca\u00eddo Guiti\u00e1n y Delm\u00e1s. A la siguiente jornada, con un 0-1 en La Romareda frente al Almer\u00eda al t\u00e9rmino de la primera mitad, le indic\u00f3 el camino de la ducha con un cartel al cuello. Enrique Clemente tambi\u00e9n tuvo la fortuna de estrenarse bajo la bendici\u00f3n del t\u00e9cnico aragon\u00e9s en la temporada de la pandemia con un rendimiento sobresaliente, hasta que fue enviado a cocheras para dejar su posici\u00f3n al desma\u00f1ado Atienza. A Adri\u00e1n Liso s\u00ed lo descubri\u00f3 en la gran depresi\u00f3n goleadora de Bakis, Sergi Enrich y Manu Vallejo. Se inici\u00f3 en el once en Anduva y cuatro partidos despu\u00e9s, en Huesca, se hizo un espacio fijo en la alineaci\u00f3n. <em>Yo hice debutar a Pau Sans<\/em> adorna la semana previa al primer encuentro en casa contra el Elche. A lo mejor es cierto y se le ofrece la continuidad, que es lo que realmente certifica la confianza cierta en un futbolista que va como un tiro con cara de ni\u00f1o y una cantidad considerable de talento.<\/p>\n","protected":false},"excerpt":{"rendered":"<p>El delantero se estren\u00f3 de titular con el primer equipo en Anduva sin aclararse si fue como premio a su excelente actuaci\u00f3n en Cartagena o como avanzadilla al debut de Adu Ares En el descanso del partido de Anduva, Pau Sans se qued\u00f3 en el vestuario. Hab\u00eda debutado con el <a class=\"read-more\" href=\"https:\/\/principesdeparis.es\/principes\/yo-hice-debutar-a-pau-sans\/\">Sigue leyendo<\/a><\/p>\n","protected":false},"author":2,"featured_media":16379,"comment_status":"open","ping_status":"open","sticky":false,"template":"","format":"standard","meta":{"footnotes":""},"categories":[13,1],"tags":[],"class_list":["post-16378","post","type-post","status-publish","format-standard","has-post-thumbnail","hentry","category-publicidad","category-real-zaragoza"],"_links":{"self":[{"href":"https:\/\/principesdeparis.es\/principes\/wp-json\/wp\/v2\/posts\/16378","targetHints":{"allow":["GET"]}}],"collection":[{"href":"https:\/\/principesdeparis.es\/principes\/wp-json\/wp\/v2\/posts"}],"about":[{"href":"https:\/\/principesdeparis.es\/principes\/wp-json\/wp\/v2\/types\/post"}],"author":[{"embeddable":true,"href":"https:\/\/principesdeparis.es\/principes\/wp-json\/wp\/v2\/users\/2"}],"replies":[{"embeddable":true,"href":"https:\/\/principesdeparis.es\/principes\/wp-json\/wp\/v2\/comments?post=16378"}],"version-history":[{"count":5,"href":"https:\/\/principesdeparis.es\/principes\/wp-json\/wp\/v2\/posts\/16378\/revisions"}],"predecessor-version":[{"id":16384,"href":"https:\/\/principesdeparis.es\/principes\/wp-json\/wp\/v2\/posts\/16378\/revisions\/16384"}],"wp:featuredmedia":[{"embeddable":true,"href":"https:\/\/principesdeparis.es\/principes\/wp-json\/wp\/v2\/media\/16379"}],"wp:attachment":[{"href":"https:\/\/principesdeparis.es\/principes\/wp-json\/wp\/v2\/media?parent=16378"}],"wp:term":[{"taxonomy":"category","embeddable":true,"href":"https:\/\/principesdeparis.es\/principes\/wp-json\/wp\/v2\/categories?post=16378"},{"taxonomy":"post_tag","embeddable":true,"href":"https:\/\/principesdeparis.es\/principes\/wp-json\/wp\/v2\/tags?post=16378"}],"curies":[{"name":"wp","href":"https:\/\/api.w.org\/{rel}","templated":true}]}}