{"id":16386,"date":"2024-09-04T18:15:42","date_gmt":"2024-09-04T18:15:42","guid":{"rendered":"https:\/\/principesdeparis.es\/principes\/?p=16386"},"modified":"2024-09-04T18:15:42","modified_gmt":"2024-09-04T18:15:42","slug":"ser-septimo-seria-un-fracaso-colosal","status":"publish","type":"post","link":"https:\/\/principesdeparis.es\/principes\/ser-septimo-seria-un-fracaso-colosal\/","title":{"rendered":"Ser s\u00e9ptimo ser\u00eda un fracaso colosal"},"content":{"rendered":"<p style=\"text-align: center;\"><em><strong>Las alusiones directas al ascenso desde el club y su entorno y su potente repercusi\u00f3n social no admiten otra clasificaci\u00f3n que, como m\u00ednimo, implique acabar entre los seis primeros<\/strong><\/em><\/p>\n<p>En las once temporadas anteriores, el ascenso era un relato de pretemporada basado en la obligaci\u00f3n moral de un club hist\u00f3rico. La econom\u00eda, una abismal agujero financiero, se interpon\u00eda sin embargo en esa empresa con un envoltorio m\u00e1s rom\u00e1ntico que realista, pero el f\u00fatbol le dio al Real Zaragoza tres oportunidades dentro de ese contexto de m\u00e1xima dificultad, todas ellas desperdiciadas: con Popovic, Natxo Gonz\u00e1lez y V\u00edctor Fern\u00e1ndez. Este curso, el tercero de la multipropiedad, las expectativas generadas desde el club y su entorno y la potente repercusi\u00f3n social que ha tenido el mensaje de que el \u00fanico objetivo es el regreso a Primera Divisi\u00f3n, al que se han sumado la mayor\u00eda de los medios de comunicaci\u00f3n, implica que todo lo que no sea acabar la competici\u00f3n entre los seis primeros supondr\u00eda un fracaso colosal. Se contemplan la v\u00eda directa a la \u00e9lite y el playoff. Los buenos resultados en las tres primeras jornadas han sobrealimentado el optimismo y ya no hay marcha atr\u00e1s en esta percepci\u00f3n de las posibilidades del equipo.<\/p>\n<p>El Real Zaragoza siempre ha aceptado salir en la parrilla con el cartel de favorito para finalizar arriba. Estaba forzado a recoger ese testigo por su grandeza y porque no pod\u00eda personarse ante su afici\u00f3n con otro reto. Nunca se contempl\u00f3 un plan a largo plazo, pero tampoco ten\u00eda por lo general plantillas con prestaciones suficientes para asumir un campeonato en posiciones destacadas. Con una carrocer\u00eda llamativa y un motor gripado ha acumulado once decepciones, ocho de ellas luchando por la permanencia. De la noche a la ma\u00f1ana, de nuevo a lomos de la urgencia, se ha presentado un proyecto para subir. Todo, absolutamente todo, al menos de cara al espectador, orbita alrededor de la figura de V\u00edctor Fern\u00e1ndez, sobre quien el seguidor ha depositado su fe y su ilusi\u00f3n por su condici\u00f3n de mito del Real Zaragoza de la Recopa. La propiedad ha considerado que el entrenador deb\u00eda guiar un enfoque diferente y le ha entregado, como solicitaba para seguir en su cargo, una licencia para influir directamente en la reconstrucci\u00f3n del vestuario.<\/p>\n<p>Se han fichado 13 futbolistas con la juventud y el apetito por triunfar como bandera. No obstante, como reconoci\u00f3 el propio t\u00e9cnico, le faltan algunas peticiones para redondear su obra. Ha tenido que renunciar a jugadores que consideraba vitales y readmitir por diferentes circunstancias a otros que no quer\u00eda caso de Poussin, Luna, Bermejo y Jair. Le ha quedado un Real Zaragoza que, pese realizar un arranque estupendo, presenta bastantes lagunas y ha descubierto ya que le acompa\u00f1a el esp\u00edritu de V\u00edctor, empapado de una valent\u00eda que todav\u00eda est\u00e1 pendiente de firmar una alianza constante con el triunfo. Calcin\u00f3 al C\u00e1diz en el estreno, en Cartagena mostr\u00f3 algunas flaquezas que super\u00f3 con arrojo ofensivo y en Anduva se le descubri\u00f3 la versi\u00f3n m\u00e1s mortal. En la porter\u00eda y en la defensa va con lo justo, y el centro del campo ha necesitado una inyecci\u00f3n apremiante de ox\u00edgeno en los dos \u00faltimos partidos. La delantera est\u00e1 poblada de promesas con Adri\u00e1n Liso al pie de su ca\u00f1\u00f3n zurdo y Az\u00f3n tomando ya protagonismo como est\u00edmulo atacante, algo que no estaba en el guion.<\/p>\n<p>El monumento al ascenso ya luce altivo delante de La Romareda. La pasi\u00f3n ha alcanzado cotas m\u00e1s altas que nunca. El sue\u00f1o es un despertar diario pensando en c\u00f3mo ser\u00e1n la celebraci\u00f3n y la fiesta. La afici\u00f3n est\u00e1 en su derecho de creer lo que intuye y lo que le cuentan. Se ha llegado a un punto de no retorno, de ahora o nunca, de esta vez s\u00ed sin peros ni v\u00e9rtigos. Con el equipo de V\u00edctor Fern\u00e1ndez (y Cordero) como principal aval. El Real Zaragoza juega para volver al para\u00edso sin medias tintas. Si no lo consiguiese, posiblemente recibir\u00eda un golpe como ning\u00fan otro en su historia. Porque se ha concluido que el ascenso s\u00f3lo es posible con V\u00edctor y su hechizo. Que se haga la magia porque de lo contrario la sensaci\u00f3n de vac\u00edo puede resultar aterradora para un futuro sin ilusionistas.<\/p>\n","protected":false},"excerpt":{"rendered":"<p>Las alusiones directas al ascenso desde el club y su entorno y su potente repercusi\u00f3n social no admiten otra clasificaci\u00f3n que, como m\u00ednimo, implique acabar entre los seis primeros En las once temporadas anteriores, el ascenso era un relato de pretemporada basado en la obligaci\u00f3n moral de un club hist\u00f3rico. <a class=\"read-more\" href=\"https:\/\/principesdeparis.es\/principes\/ser-septimo-seria-un-fracaso-colosal\/\">Sigue leyendo<\/a><\/p>\n","protected":false},"author":2,"featured_media":16387,"comment_status":"open","ping_status":"open","sticky":false,"template":"","format":"standard","meta":{"footnotes":""},"categories":[13,1],"tags":[],"class_list":["post-16386","post","type-post","status-publish","format-standard","has-post-thumbnail","hentry","category-publicidad","category-real-zaragoza"],"_links":{"self":[{"href":"https:\/\/principesdeparis.es\/principes\/wp-json\/wp\/v2\/posts\/16386","targetHints":{"allow":["GET"]}}],"collection":[{"href":"https:\/\/principesdeparis.es\/principes\/wp-json\/wp\/v2\/posts"}],"about":[{"href":"https:\/\/principesdeparis.es\/principes\/wp-json\/wp\/v2\/types\/post"}],"author":[{"embeddable":true,"href":"https:\/\/principesdeparis.es\/principes\/wp-json\/wp\/v2\/users\/2"}],"replies":[{"embeddable":true,"href":"https:\/\/principesdeparis.es\/principes\/wp-json\/wp\/v2\/comments?post=16386"}],"version-history":[{"count":1,"href":"https:\/\/principesdeparis.es\/principes\/wp-json\/wp\/v2\/posts\/16386\/revisions"}],"predecessor-version":[{"id":16388,"href":"https:\/\/principesdeparis.es\/principes\/wp-json\/wp\/v2\/posts\/16386\/revisions\/16388"}],"wp:featuredmedia":[{"embeddable":true,"href":"https:\/\/principesdeparis.es\/principes\/wp-json\/wp\/v2\/media\/16387"}],"wp:attachment":[{"href":"https:\/\/principesdeparis.es\/principes\/wp-json\/wp\/v2\/media?parent=16386"}],"wp:term":[{"taxonomy":"category","embeddable":true,"href":"https:\/\/principesdeparis.es\/principes\/wp-json\/wp\/v2\/categories?post=16386"},{"taxonomy":"post_tag","embeddable":true,"href":"https:\/\/principesdeparis.es\/principes\/wp-json\/wp\/v2\/tags?post=16386"}],"curies":[{"name":"wp","href":"https:\/\/api.w.org\/{rel}","templated":true}]}}