{"id":16389,"date":"2024-09-04T18:31:39","date_gmt":"2024-09-04T18:31:39","guid":{"rendered":"https:\/\/principesdeparis.es\/principes\/?p=16389"},"modified":"2024-09-04T18:31:39","modified_gmt":"2024-09-04T18:31:39","slug":"adu-ares-baja-para-dos-partidos","status":"publish","type":"post","link":"https:\/\/principesdeparis.es\/principes\/adu-ares-baja-para-dos-partidos\/","title":{"rendered":"Adu Ares, baja para dos partidos"},"content":{"rendered":"<p>Femen\u00edas, Aketxe, Jair y ahora Adu Ares, quien hab\u00eda debutado en la segunda parte del encuentro de Anduva en sustituci\u00f3n de Pau Sans. La enfermer\u00eda del Real Zaragoza lleva ya m\u00e1s lesionados que jornadas disputadas despu\u00e9s de que se haya confirmado que el extremo cedido por el Athletic sufre Las pruebas realizadas al jugador Adu Ares en el d\u00eda de hoy han confirmado que \u00abun esguince en el ligamento deltoideo de su tobillo izquierdo, fruto de un lance fortuito del juego en el que se le cay\u00f3 un contrario encima durante un partidillo de entrenamiento el pasado lunes 2 de septiembre\u00bb. Pendiente de evoluci\u00f3n, lo m\u00e1s probable es que se pierda dos jornadas, es decir el estreno en casa este domingo contra el Elche y el desplazamiento a Burgos. V\u00edctor Fern\u00e1ndez, adem\u00e1s, tampoco podr\u00e1 contar frente al equipo de Eder Sarabia con Bazdar, que ha sido seleccionado con la sun 21 de Serbia para disputar dos encuentros clasificatorios para el Europeo d ela categor\u00eda ante Ucrania y Azerbaiy\u00e1n.<\/p>\n","protected":false},"excerpt":{"rendered":"<p>Femen\u00edas, Aketxe, Jair y ahora Adu Ares, quien hab\u00eda debutado en la segunda parte del encuentro de Anduva en sustituci\u00f3n de Pau Sans. La enfermer\u00eda del Real Zaragoza lleva ya m\u00e1s lesionados que jornadas disputadas despu\u00e9s de que se haya confirmado que el extremo cedido por el Athletic sufre Las <a class=\"read-more\" href=\"https:\/\/principesdeparis.es\/principes\/adu-ares-baja-para-dos-partidos\/\">Sigue leyendo<\/a><\/p>\n","protected":false},"author":2,"featured_media":16390,"comment_status":"open","ping_status":"open","sticky":false,"template":"","format":"standard","meta":{"footnotes":""},"categories":[13,1],"tags":[],"class_list":["post-16389","post","type-post","status-publish","format-standard","has-post-thumbnail","hentry","category-publicidad","category-real-zaragoza"],"_links":{"self":[{"href":"https:\/\/principesdeparis.es\/principes\/wp-json\/wp\/v2\/posts\/16389","targetHints":{"allow":["GET"]}}],"collection":[{"href":"https:\/\/principesdeparis.es\/principes\/wp-json\/wp\/v2\/posts"}],"about":[{"href":"https:\/\/principesdeparis.es\/principes\/wp-json\/wp\/v2\/types\/post"}],"author":[{"embeddable":true,"href":"https:\/\/principesdeparis.es\/principes\/wp-json\/wp\/v2\/users\/2"}],"replies":[{"embeddable":true,"href":"https:\/\/principesdeparis.es\/principes\/wp-json\/wp\/v2\/comments?post=16389"}],"version-history":[{"count":1,"href":"https:\/\/principesdeparis.es\/principes\/wp-json\/wp\/v2\/posts\/16389\/revisions"}],"predecessor-version":[{"id":16391,"href":"https:\/\/principesdeparis.es\/principes\/wp-json\/wp\/v2\/posts\/16389\/revisions\/16391"}],"wp:featuredmedia":[{"embeddable":true,"href":"https:\/\/principesdeparis.es\/principes\/wp-json\/wp\/v2\/media\/16390"}],"wp:attachment":[{"href":"https:\/\/principesdeparis.es\/principes\/wp-json\/wp\/v2\/media?parent=16389"}],"wp:term":[{"taxonomy":"category","embeddable":true,"href":"https:\/\/principesdeparis.es\/principes\/wp-json\/wp\/v2\/categories?post=16389"},{"taxonomy":"post_tag","embeddable":true,"href":"https:\/\/principesdeparis.es\/principes\/wp-json\/wp\/v2\/tags?post=16389"}],"curies":[{"name":"wp","href":"https:\/\/api.w.org\/{rel}","templated":true}]}}