{"id":16392,"date":"2024-09-05T07:31:36","date_gmt":"2024-09-05T07:31:36","guid":{"rendered":"https:\/\/principesdeparis.es\/principes\/?p=16392"},"modified":"2024-09-05T07:31:36","modified_gmt":"2024-09-05T07:31:36","slug":"apuntes-sobre-la-comunicacion-del-real-zaragoza","status":"publish","type":"post","link":"https:\/\/principesdeparis.es\/principes\/apuntes-sobre-la-comunicacion-del-real-zaragoza\/","title":{"rendered":"Apuntes sobre la comunicaci\u00f3n del Real Zaragoza"},"content":{"rendered":"<p>Ten\u00eda serias dudas de una noche de cierre de mercado excitante y que fueran a llegar futbolistas como si del parto de una coneja se tratase. Las palabras de V\u00edctor Fern\u00e1ndez y su expresi\u00f3n corporal en la previa del viernes me hac\u00edan pensar en un acuerdo hacia el lado de los que deber\u00edan de salir m\u00e1s que en las incorporaciones. Se ha hecho un buen trabajo en l\u00edneas generales aunque existen algunas carencias en la defensa, centro del campo y delantera. Los canteranos funcionan pero no hay que estresarlos.<\/p>\n<p>Que no terminase de cerrarse la llegada de Lekovic tampoco es algo grav\u00edsimo. Pero s\u00ed insist\u00ed en mis comentarios de Minuto 32 que no me pareci\u00f3 adecuado el silencio del club. No s\u00e9 si fue orden de Cordero o de Fernando L\u00f3pez pero que se dejase sin cerrar al p\u00fablico la puerta del mercado de verano hasta despu\u00e9s del partido en Anduva fue, en mi opini\u00f3n, una muestra de indecisi\u00f3n de la entidad. Por lo menos un post donde se diga que \u00abhasta aqu\u00ed hemos llegado\u00bb, sin entrar en detalles de las negociaciones con el futbolista del Estrella Roja a partir de la medianoche. Incluso el d\u00eda despu\u00e9s publicar un comunicado oficial o, como se hace siempre, una rueda de prensa del director deportivo.<\/p>\n<p>Queda claro que la disciplina de club es f\u00e9rrea en el contenido de la comunicaci\u00f3n; el continente ha mejorado con las presentaciones en la tienda del Real Zaragoza de la calle Alfonso aunque a veces no se consiga que funcione YouTube en directo. Pero si ofrecemos cercan\u00eda a los seguidores blanquillos con los post en X ofreciendo historias divertidas y esperadas incluso por la gente, hay que saber tambi\u00e9n responder a las preguntas de los que somos accionistas minoritarios desde hace m\u00e1s de tres d\u00e9cadas, pagamos abonos desde hace a\u00f1os, somos comunicadores, aficionados o sufridores del club. Porque al final, hasta lo que rodea a la continuidad de Jair Amador tambi\u00e9n termina sabi\u00e9ndose. Ahora, a disfrutar de una Romareda diferente por su derribo parcial, la lona ya levantada y expresar un apoyo leal, intenso y caluroso en el primer partido de la temporada en el coliseo zaragocista.<\/p>\n","protected":false},"excerpt":{"rendered":"<p>Ten\u00eda serias dudas de una noche de cierre de mercado excitante y que fueran a llegar futbolistas como si del parto de una coneja se tratase. Las palabras de V\u00edctor Fern\u00e1ndez y su expresi\u00f3n corporal en la previa del viernes me hac\u00edan pensar en un acuerdo hacia el lado de <a class=\"read-more\" href=\"https:\/\/principesdeparis.es\/principes\/apuntes-sobre-la-comunicacion-del-real-zaragoza\/\">Sigue leyendo<\/a><\/p>\n","protected":false},"author":3,"featured_media":16055,"comment_status":"open","ping_status":"open","sticky":false,"template":"","format":"standard","meta":{"footnotes":""},"categories":[16,13],"tags":[],"class_list":["post-16392","post","type-post","status-publish","format-standard","has-post-thumbnail","hentry","category-el10","category-publicidad"],"_links":{"self":[{"href":"https:\/\/principesdeparis.es\/principes\/wp-json\/wp\/v2\/posts\/16392","targetHints":{"allow":["GET"]}}],"collection":[{"href":"https:\/\/principesdeparis.es\/principes\/wp-json\/wp\/v2\/posts"}],"about":[{"href":"https:\/\/principesdeparis.es\/principes\/wp-json\/wp\/v2\/types\/post"}],"author":[{"embeddable":true,"href":"https:\/\/principesdeparis.es\/principes\/wp-json\/wp\/v2\/users\/3"}],"replies":[{"embeddable":true,"href":"https:\/\/principesdeparis.es\/principes\/wp-json\/wp\/v2\/comments?post=16392"}],"version-history":[{"count":1,"href":"https:\/\/principesdeparis.es\/principes\/wp-json\/wp\/v2\/posts\/16392\/revisions"}],"predecessor-version":[{"id":16393,"href":"https:\/\/principesdeparis.es\/principes\/wp-json\/wp\/v2\/posts\/16392\/revisions\/16393"}],"wp:featuredmedia":[{"embeddable":true,"href":"https:\/\/principesdeparis.es\/principes\/wp-json\/wp\/v2\/media\/16055"}],"wp:attachment":[{"href":"https:\/\/principesdeparis.es\/principes\/wp-json\/wp\/v2\/media?parent=16392"}],"wp:term":[{"taxonomy":"category","embeddable":true,"href":"https:\/\/principesdeparis.es\/principes\/wp-json\/wp\/v2\/categories?post=16392"},{"taxonomy":"post_tag","embeddable":true,"href":"https:\/\/principesdeparis.es\/principes\/wp-json\/wp\/v2\/tags?post=16392"}],"curies":[{"name":"wp","href":"https:\/\/api.w.org\/{rel}","templated":true}]}}