{"id":16394,"date":"2024-09-06T11:01:15","date_gmt":"2024-09-06T11:01:15","guid":{"rendered":"https:\/\/principesdeparis.es\/principes\/?p=16394"},"modified":"2024-09-06T12:19:35","modified_gmt":"2024-09-06T12:19:35","slug":"factor-romareda","status":"publish","type":"post","link":"https:\/\/principesdeparis.es\/principes\/factor-romareda\/","title":{"rendered":"Factor Romareda"},"content":{"rendered":"<p style=\"text-align: center;\"><em><strong>V\u00edctor Fern\u00e1ndez insiste en que el estadio, donde debuta el equipo este domingo frente al Elche, debe ser un plus en un proyecto que necesita a su afici\u00f3n<\/strong><\/em><\/p>\n<p>El entrenamiento a puerta abierta en una Romareda en obras que recibe al Real Zaragoza despu\u00e9s de tres partidos consecutivos a domicilio ha situado a la afici\u00f3n en el epicentro de la jornada del viernes y como elemento fundamental del nuevo proyecto. V\u00edctor Fern\u00e1ndez relaciona directamente a la hinchada como gran protagonista de esta temporada. \u00abNuestra afici\u00f3n es muy exigente pero tambi\u00e9n muy generosa a poco que le des. Entiendo que el factor campo va a ser fundamental. Yo siempre digo que si pudiera, jugar\u00eda los 42 partidos en casa. Ya s\u00e9 que en anteriores temporadas La Romateda ha sufrido mucho,\u00a0 pero en esta vamos a trabajar para que la gente disfrute\u00bb.<\/p>\n<p>Sin el Gol Sur, con una lona, en un lugar con menos capacidad y unas 3.000 personas animando a los jugadores&#8230; El t\u00e9cnico ha preparado a sus futbolistas para ese escenario diferente \u00abporque la visualizaci\u00f3n deportiva y emocional es distinta. Hemos tomado contacto con esa atm\u00f3sfera y con el nuevo c\u00e9sped para que los futbolistas se aclimaten\u00bb. El entrenador ha agradecido la afluencia de seguidores y ha recordado otros tiempos en los que, alg\u00fan jueves, la tribuna se llenaba. \u00abEn mi primera etapa, me acuerdo de una an\u00e9cdota con Alfonso Solans padre, el presidente, cruzando el campo para abrazarme. Hoy en d\u00eda eso es impensable. Aun as\u00ed es bonito ver a padres e hijos, a generaciones, acompa\u00f1arnos de nuevo\u00bb.<\/p>\n<p>V\u00edctor, adem\u00e1s, ha hablado del contacto directo que ha tenido con la afici\u00f3n, con sus mensajes, con el cari\u00f1o hacia su figura. \u00abPercibo mucha ilusi\u00f3n. Yo les intento enfriar un poco aunque anim\u00e1ndoles a que ver\u00e1n un equipo que competir\u00e1 siempre. En esta categor\u00eda hay 18 equipos que aspiran al ascenso y hay algunos muy buenos, mejores que nosotros, pero a los que podemos superar y ganar con nuestras herramientas. Nuestro objetivo es estar en la pomada durante toda la Liga. Somos conscientes de que no hemos completado la plantilla como desear\u00edamos, pero tenemos el mercado de invierno para ajustar. En cuanto a lo personal, hace muchos a\u00f1os que super\u00e9 el ego. Ahora trabajo por cari\u00f1o al club. La gente me querr\u00e1 m\u00e1s o menos en funci\u00f3n de los resultados. Ya sabemos c\u00f3mo es el f\u00fatbol\u00bb.<\/p>\n<p style=\"text-align: left;\">En lo referente a la cita con el Elche, reconoce que ser\u00e1 \u00abuna batalla entre dos equipos por la posesi\u00f3n del\u00a0 bal\u00f3n. Ellos no tienen ninguna prisa en la elaboraci\u00f3n pausada y repetir secuencias con su portero. Tenemos que incomodarles quit\u00e1ndoles la pelota para ser protagonistas\u00bb. La presi\u00f3n alta, la valent\u00eda&#8230; V\u00edctor apunta la gran diferencia que hay con el a\u00f1o pasado en cuanto a ese trabajo de estrangulamiento en la salida del rival. \u00abDe principio tenemos que enviarles esa se\u00f1al\u00bb.<\/p>\n<p>Adu Ares har\u00e1 una prueba ma\u00f1ana pero su concurso parece muy improbable. La baja de Bazdar, con la selecci\u00f3n sub 21 de Serbia, le ocupa pero no le preocupa y en absoluto condicionar\u00e1 su plan de jugar con dos delanteros. Y Kosa tendr\u00e1 que esperar. \u00abNo va a haber grandes cambios porque el equipo, salvo en Miranda, me est\u00e1 gustando. En la zona de centrales hay mucha competencia, pero Kosa deber\u00e1 esperar su oportunidad porque esa l\u00ednea se est\u00e1 mostrando muy segura\u00bb.<\/p>\n<p>&nbsp;<\/p>\n<p>&nbsp;<\/p>\n<p>&nbsp;<\/p>\n<p>&nbsp;<\/p>\n","protected":false},"excerpt":{"rendered":"<p>V\u00edctor Fern\u00e1ndez insiste en que el estadio, donde debuta el equipo este domingo frente al Elche, debe ser un plus en un proyecto que necesita a su afici\u00f3n El entrenamiento a puerta abierta en una Romareda en obras que recibe al Real Zaragoza despu\u00e9s de tres partidos consecutivos a domicilio <a class=\"read-more\" href=\"https:\/\/principesdeparis.es\/principes\/factor-romareda\/\">Sigue leyendo<\/a><\/p>\n","protected":false},"author":2,"featured_media":16400,"comment_status":"open","ping_status":"open","sticky":false,"template":"","format":"standard","meta":{"footnotes":""},"categories":[13,1],"tags":[],"class_list":["post-16394","post","type-post","status-publish","format-standard","has-post-thumbnail","hentry","category-publicidad","category-real-zaragoza"],"_links":{"self":[{"href":"https:\/\/principesdeparis.es\/principes\/wp-json\/wp\/v2\/posts\/16394","targetHints":{"allow":["GET"]}}],"collection":[{"href":"https:\/\/principesdeparis.es\/principes\/wp-json\/wp\/v2\/posts"}],"about":[{"href":"https:\/\/principesdeparis.es\/principes\/wp-json\/wp\/v2\/types\/post"}],"author":[{"embeddable":true,"href":"https:\/\/principesdeparis.es\/principes\/wp-json\/wp\/v2\/users\/2"}],"replies":[{"embeddable":true,"href":"https:\/\/principesdeparis.es\/principes\/wp-json\/wp\/v2\/comments?post=16394"}],"version-history":[{"count":15,"href":"https:\/\/principesdeparis.es\/principes\/wp-json\/wp\/v2\/posts\/16394\/revisions"}],"predecessor-version":[{"id":16410,"href":"https:\/\/principesdeparis.es\/principes\/wp-json\/wp\/v2\/posts\/16394\/revisions\/16410"}],"wp:featuredmedia":[{"embeddable":true,"href":"https:\/\/principesdeparis.es\/principes\/wp-json\/wp\/v2\/media\/16400"}],"wp:attachment":[{"href":"https:\/\/principesdeparis.es\/principes\/wp-json\/wp\/v2\/media?parent=16394"}],"wp:term":[{"taxonomy":"category","embeddable":true,"href":"https:\/\/principesdeparis.es\/principes\/wp-json\/wp\/v2\/categories?post=16394"},{"taxonomy":"post_tag","embeddable":true,"href":"https:\/\/principesdeparis.es\/principes\/wp-json\/wp\/v2\/tags?post=16394"}],"curies":[{"name":"wp","href":"https:\/\/api.w.org\/{rel}","templated":true}]}}