{"id":16422,"date":"2024-09-08T15:39:20","date_gmt":"2024-09-08T15:39:20","guid":{"rendered":"https:\/\/principesdeparis.es\/principes\/?p=16422"},"modified":"2024-09-08T16:12:50","modified_gmt":"2024-09-08T16:12:50","slug":"mari-por-bazdar-y-bermejo-por-pau-sans","status":"publish","type":"post","link":"https:\/\/principesdeparis.es\/principes\/mari-por-bazdar-y-bermejo-por-pau-sans\/","title":{"rendered":"Mar\u00ed por Bazdar y Bermejo por Pau Sans"},"content":{"rendered":"<p>El Real Zaragoza debuta en casa despu\u00e9s de tres desplazamientos consecutivos, tacada de partidos fuera solicitada y concedida por las obras de La Romareda, en los que ha conseguido siete de nueve puntos posibles. Para esta cita de estreno como local frente al Elche, tras la que podr\u00eda recuperar el liderato del que ya dispuso en las dos primeras jornadas tras ganar en C\u00e1diz y Cartagena, el conjunto aragon\u00e9s presenta dos novedades con respecto a la semana anterior en Anduva. Una por obligaci\u00f3n por la ausencia de Bazdar,\u00a0 baja por sus compromiso internacionales con la sub 21 de Serbia, y la otra por decisi\u00f3n t\u00e9cnica.<\/p>\n<p>V\u00edctor Fern\u00e1ndez ha decidido que el relevo del delantero serbio sea Alberto Mar\u00ed, por lo que el punta alicantino se estrena en un once despu\u00e9s de jugar los \u00faltimos minutos ante el Mirand\u00e9s. La otra variaci\u00f3n se produce en el centro del campo, donde Bermejo recupera su puesto en la banda derecha en lugar de un Pau Sans que regresa la banquillo despu\u00e9s de su bautizo con el primer equipo contra el conjunto jabato. El resto del equipo mantiene la confianza del t\u00e9cnico, que sigue considerando a Az\u00f3n un revulsivo y que ya avis\u00f3 que Kosa tendr\u00eda que esperar su oportunidad por el buen momento, seg\u00fan su criterio, que atraviesan los Llu\u00eds L\u00f3pez y Vital en el eje defensivo.<\/p>\n<p>Por su parte Eder Sarabia tambi\u00e9n realiza un par de cambios con respecto a la primera victoria de los ilicitanos esta temporada frente al C\u00f3rdoba. El entrenador entrega la direcci\u00f3n del equipo a Gerard Hern\u00e1ndez, campe\u00f3n de Europa sub 19 a pr\u00e9stamo del Villarreal B, en lugar de Aleix Febas, que se cae de la citaci\u00f3n por problemas f\u00edsicos, y sit\u00faa como referencia atacante a Agust\u00edn \u00c1lvarez, un ariete uruguayo que protagoniz\u00f3 el traspaso m\u00e1s caro de la historia del f\u00fatbol de su pa\u00eds cuando el Sassuolo italiano pag\u00f3 por el 12 millones de euros al Pe\u00f1arol. Cedido por una temporada, \u00c1lvarez entra por Yago Santiago.<\/p>\n<p>Este partido, en el que estar\u00e1n como suplentes Adu Ares pese a un reciente esguince de tobillo que le ha hecho ser duda hasta hoy mismo, y Jair, de regreso tras superar sus molestias en un ojo por un balonazo,\u00a0 invita a un intercambio de poderes entre un equipo, el Elche, que sigue aclimat\u00e1ndose a la peculiar y particular forma de entender este juego de su entrenador, un estilo que pasa por la posesi\u00f3n de la pelota bajo cualquier circunstancia, y otro que tiene como mandamiento mientras sea posible hacerse con ese bal\u00f3n con la presi\u00f3n que le caracteriza.<\/p>\n<p>La alineaci\u00f3n del Elche<\/p>\n<blockquote class=\"twitter-tweet\">\n<p dir=\"ltr\" lang=\"en\">\u00a1Nuestro ! &#x2694;&#xfe0f;<a href=\"https:\/\/twitter.com\/hashtag\/RealZaragozaElche?src=hash&amp;ref_src=twsrc%5Etfw\">#RealZaragozaElche<\/a> | <a href=\"https:\/\/twitter.com\/hashtag\/MuchoElche?src=hash&amp;ref_src=twsrc%5Etfw\">#MuchoElche<\/a> <a href=\"https:\/\/t.co\/vnc9SG3aV6\">pic.twitter.com\/vnc9SG3aV6<\/a><\/p>\n<p>\u2014 Elche Club de F\u00fatbol (@elchecf) <a href=\"https:\/\/twitter.com\/elchecf\/status\/1832804857352245551?ref_src=twsrc%5Etfw\">September 8, 2024<\/a><\/p><\/blockquote>\n<p><script async src=\"https:\/\/platform.twitter.com\/widgets.js\" charset=\"utf-8\"><\/script><\/p>\n<p>&nbsp;<\/p>\n<p><strong>Presencia institucional del club con Jorge Mas a la cabeza<\/strong><\/p>\n<blockquote class=\"twitter-tweet\">\n<p dir=\"ltr\" lang=\"es\">Dirigentes del Real Zaragoza acudir\u00e1n a La Romareda para el partido de hoy contra el Elche CF<\/p>\n<p>\u2014 Real Zaragoza (@RealZaragoza) <a href=\"https:\/\/twitter.com\/RealZaragoza\/status\/1832791920503861474?ref_src=twsrc%5Etfw\">September 8, 2024<\/a><\/p><\/blockquote>\n<p><script async src=\"https:\/\/platform.twitter.com\/widgets.js\" charset=\"utf-8\"><\/script><\/p>\n","protected":false},"excerpt":{"rendered":"<p>El Real Zaragoza debuta en casa despu\u00e9s de tres desplazamientos consecutivos, tacada de partidos fuera solicitada y concedida por las obras de La Romareda, en los que ha conseguido siete de nueve puntos posibles. Para esta cita de estreno como local frente al Elche, tras la que podr\u00eda recuperar el <a class=\"read-more\" href=\"https:\/\/principesdeparis.es\/principes\/mari-por-bazdar-y-bermejo-por-pau-sans\/\">Sigue leyendo<\/a><\/p>\n","protected":false},"author":2,"featured_media":16425,"comment_status":"open","ping_status":"open","sticky":false,"template":"","format":"standard","meta":{"footnotes":""},"categories":[13,1],"tags":[],"class_list":["post-16422","post","type-post","status-publish","format-standard","has-post-thumbnail","hentry","category-publicidad","category-real-zaragoza"],"_links":{"self":[{"href":"https:\/\/principesdeparis.es\/principes\/wp-json\/wp\/v2\/posts\/16422","targetHints":{"allow":["GET"]}}],"collection":[{"href":"https:\/\/principesdeparis.es\/principes\/wp-json\/wp\/v2\/posts"}],"about":[{"href":"https:\/\/principesdeparis.es\/principes\/wp-json\/wp\/v2\/types\/post"}],"author":[{"embeddable":true,"href":"https:\/\/principesdeparis.es\/principes\/wp-json\/wp\/v2\/users\/2"}],"replies":[{"embeddable":true,"href":"https:\/\/principesdeparis.es\/principes\/wp-json\/wp\/v2\/comments?post=16422"}],"version-history":[{"count":11,"href":"https:\/\/principesdeparis.es\/principes\/wp-json\/wp\/v2\/posts\/16422\/revisions"}],"predecessor-version":[{"id":16434,"href":"https:\/\/principesdeparis.es\/principes\/wp-json\/wp\/v2\/posts\/16422\/revisions\/16434"}],"wp:featuredmedia":[{"embeddable":true,"href":"https:\/\/principesdeparis.es\/principes\/wp-json\/wp\/v2\/media\/16425"}],"wp:attachment":[{"href":"https:\/\/principesdeparis.es\/principes\/wp-json\/wp\/v2\/media?parent=16422"}],"wp:term":[{"taxonomy":"category","embeddable":true,"href":"https:\/\/principesdeparis.es\/principes\/wp-json\/wp\/v2\/categories?post=16422"},{"taxonomy":"post_tag","embeddable":true,"href":"https:\/\/principesdeparis.es\/principes\/wp-json\/wp\/v2\/tags?post=16422"}],"curies":[{"name":"wp","href":"https:\/\/api.w.org\/{rel}","templated":true}]}}