{"id":16471,"date":"2024-09-11T18:18:16","date_gmt":"2024-09-11T18:18:16","guid":{"rendered":"https:\/\/principesdeparis.es\/principes\/?p=16471"},"modified":"2024-09-11T18:18:16","modified_gmt":"2024-09-11T18:18:16","slug":"francho-o-toni-moya-a-por-el-trono-roto-de-keidi-bare","status":"publish","type":"post","link":"https:\/\/principesdeparis.es\/principes\/francho-o-toni-moya-a-por-el-trono-roto-de-keidi-bare\/","title":{"rendered":"Francho o Toni Moya a por el trono roto de Keidi Bare"},"content":{"rendered":"<p style=\"text-align: center;\"><em><strong>La baja de al menos mes y medio del alban\u00e9s obliga a V\u00edctor Fern\u00e1ndez a reinventar un centro del campo con la elecci\u00f3n entre dos futbolistas que a\u00fan no han sido titulares esta temporada<\/strong><\/em><\/p>\n<p>Tienen muy poco en com\u00fan. S\u00f3lo coinciden esta temporada en que en las cuatro primeras jornadas, V\u00edctor Fern\u00e1ndez les ha entregado sudadera de suplentes y los ha utilizado casi a la par en los tres \u00faltimos encuentros como piezas de refresco. En C\u00e1diz no participaron, mientras en Cartagena fueron clave para la remontada con un tanto del canterano, en Anduva mantuvieron el pulso en la medular y en la victoria sobre el Elche volvieron a entrar al campo para rematar al Elche, con Francho de nuevo de artillero. 70 minutos para el pacense y 61 para el aragon\u00e9s. Poco tiempo pero empleado con calidad.<\/p>\n<p>Este fin de semana y seguramente durante los pr\u00f3ximos cinco partidos, el entrenador tendr\u00e1 que elegir entre uno de los dos para cubrir la ausencia de Keidi Bare, quien sufri\u00f3 una lesi\u00f3n grado 2 a nivel de la musculatura isquiosural de su pierna derecha. Cabe la posibilidad de que el t\u00e9cnico se decante por sumar a los dos junto a Aguado, con lo que deber\u00eda renunciar a su apreciado 1-4-3-3 y experimentar con un volante de extremo&#8230; El rombo, que tambi\u00e9n dar\u00eda cabida a los tres, se descarta porque V\u00edctor no renunciar\u00e1 a los dos delanteros y menos al juego natural por fuera, donde Liso es inamovible y Adu Ares apunta a debutar en El Plant\u00edo.<\/p>\n<p>El portero titular, Femen\u00edas y el mediapunta diferencial, Ager Aketxe, contin\u00faan en la enfermer\u00eda y sus bajas, por el momento y gracias a los buenos resultados, no han provocado lamentos. La lesi\u00f3n de Keidi Bare, sin embargo, supone un roto considerable y la rev\u00e1lida, como ha indicado Iv\u00e1n Calero, de comprobar hasta d\u00f3nde llega la capacidad del equipo para reponerse a este duro y nuevo contratiempo. Bare ha ratificado lo que se esperaba de \u00e9l, un liderazgo sostenido por su elevado car\u00e1cter competitivo, la inteligente ocupaci\u00f3n de los espacios y una relaci\u00f3n inteligente y acad\u00e9mica con el bal\u00f3n.<\/p>\n<p>No tiene un sos\u00edas en la plantilla, y el mediocentro con personalidad f\u00edsica y cent\u00edmetros que se solicit\u00f3 en la reconstrucci\u00f3n masiva, no pas\u00f3 el corte del mercado de verano de Juan Carlos Cordero. La soluci\u00f3n est\u00e1, siempre que Aguado se mantenga en la direcci\u00f3n, es optar por Francho o Moya en ese doble pivote flexible. El primero no es un futbolista que enamore a V\u00edctor, y el segundo, fijo en sus planes, en la pretemporada tampoco ha sido incluido todav\u00eda en el once.<\/p>\n<p>Ni uno ni otro tiene parentesco con el juego de Bare, pero si alguien se aproxima al estilo del alban\u00e9s, ese es Francho Serrano. Su intensidad, compromiso y regularidad encajan en un equipo que necesita conservar el esp\u00edritu combativo y con cuentakil\u00f3metros generoso que le ha conducido al liderato. Mezcla mejor con Aguado que un Moya con mayores prestaciones t\u00e9cnicas, pero tambi\u00e9n con intermitencias en este Real Zaragoza que no puede consentirse tomar un solo respiro. V\u00edctor Fern\u00e1ndez decidir\u00e1 qui\u00e9n ocupa el trono roto de Kedi Bare. El heredero provisional apunta a ser el zaragozano. O en buena l\u00f3gica deber\u00eda.<\/p>\n","protected":false},"excerpt":{"rendered":"<p>La baja de al menos mes y medio del alban\u00e9s obliga a V\u00edctor Fern\u00e1ndez a reinventar un centro del campo con la elecci\u00f3n entre dos futbolistas que a\u00fan no han sido titulares esta temporada Tienen muy poco en com\u00fan. S\u00f3lo coinciden esta temporada en que en las cuatro primeras jornadas, <a class=\"read-more\" href=\"https:\/\/principesdeparis.es\/principes\/francho-o-toni-moya-a-por-el-trono-roto-de-keidi-bare\/\">Sigue leyendo<\/a><\/p>\n","protected":false},"author":2,"featured_media":16472,"comment_status":"open","ping_status":"open","sticky":false,"template":"","format":"standard","meta":{"footnotes":""},"categories":[13,1],"tags":[],"class_list":["post-16471","post","type-post","status-publish","format-standard","has-post-thumbnail","hentry","category-publicidad","category-real-zaragoza"],"_links":{"self":[{"href":"https:\/\/principesdeparis.es\/principes\/wp-json\/wp\/v2\/posts\/16471","targetHints":{"allow":["GET"]}}],"collection":[{"href":"https:\/\/principesdeparis.es\/principes\/wp-json\/wp\/v2\/posts"}],"about":[{"href":"https:\/\/principesdeparis.es\/principes\/wp-json\/wp\/v2\/types\/post"}],"author":[{"embeddable":true,"href":"https:\/\/principesdeparis.es\/principes\/wp-json\/wp\/v2\/users\/2"}],"replies":[{"embeddable":true,"href":"https:\/\/principesdeparis.es\/principes\/wp-json\/wp\/v2\/comments?post=16471"}],"version-history":[{"count":1,"href":"https:\/\/principesdeparis.es\/principes\/wp-json\/wp\/v2\/posts\/16471\/revisions"}],"predecessor-version":[{"id":16473,"href":"https:\/\/principesdeparis.es\/principes\/wp-json\/wp\/v2\/posts\/16471\/revisions\/16473"}],"wp:featuredmedia":[{"embeddable":true,"href":"https:\/\/principesdeparis.es\/principes\/wp-json\/wp\/v2\/media\/16472"}],"wp:attachment":[{"href":"https:\/\/principesdeparis.es\/principes\/wp-json\/wp\/v2\/media?parent=16471"}],"wp:term":[{"taxonomy":"category","embeddable":true,"href":"https:\/\/principesdeparis.es\/principes\/wp-json\/wp\/v2\/categories?post=16471"},{"taxonomy":"post_tag","embeddable":true,"href":"https:\/\/principesdeparis.es\/principes\/wp-json\/wp\/v2\/tags?post=16471"}],"curies":[{"name":"wp","href":"https:\/\/api.w.org\/{rel}","templated":true}]}}