{"id":16474,"date":"2024-09-11T18:35:01","date_gmt":"2024-09-11T18:35:01","guid":{"rendered":"https:\/\/principesdeparis.es\/principes\/?p=16474"},"modified":"2024-09-11T18:35:01","modified_gmt":"2024-09-11T18:35:01","slug":"cristian-baja-para-burgos-por-un-balonazo-en-un-ojo","status":"publish","type":"post","link":"https:\/\/principesdeparis.es\/principes\/cristian-baja-para-burgos-por-un-balonazo-en-un-ojo\/","title":{"rendered":"Cristian, baja para Burgos por un balonazo en un ojo"},"content":{"rendered":"<p>Siguen los partes m\u00e9dicos y ninguno con buenas noticias .Durante el entrenamiento de esta ma\u00f1ana en la Ciudad Deportiva, Cristian \u00c1lvarez\u00a0ha recibido el impacto directo de un bal\u00f3n en la cara que le ha producido un traumatismo ocular, indica el club. El argentino, que hab\u00eda regresado a las convocatorias en el desplazamiento a Cartagena despu\u00e9s de una prolongada ausencia, ha sido sometido a una valoraci\u00f3n oftalmolog\u00edca en el hospital Quir\u00f3nsalud de Zaragoza y ser\u00e1 baja los pr\u00f3ximos d\u00edas. Por el momento, su presnecia en El Plant\u00edo est\u00e1 descartada.<\/p>\n","protected":false},"excerpt":{"rendered":"<p>Siguen los partes m\u00e9dicos y ninguno con buenas noticias .Durante el entrenamiento de esta ma\u00f1ana en la Ciudad Deportiva, Cristian \u00c1lvarez\u00a0ha recibido el impacto directo de un bal\u00f3n en la cara que le ha producido un traumatismo ocular, indica el club. El argentino, que hab\u00eda regresado a las convocatorias en <a class=\"read-more\" href=\"https:\/\/principesdeparis.es\/principes\/cristian-baja-para-burgos-por-un-balonazo-en-un-ojo\/\">Sigue leyendo<\/a><\/p>\n","protected":false},"author":2,"featured_media":16475,"comment_status":"open","ping_status":"open","sticky":false,"template":"","format":"standard","meta":{"footnotes":""},"categories":[13,1],"tags":[],"class_list":["post-16474","post","type-post","status-publish","format-standard","has-post-thumbnail","hentry","category-publicidad","category-real-zaragoza"],"_links":{"self":[{"href":"https:\/\/principesdeparis.es\/principes\/wp-json\/wp\/v2\/posts\/16474","targetHints":{"allow":["GET"]}}],"collection":[{"href":"https:\/\/principesdeparis.es\/principes\/wp-json\/wp\/v2\/posts"}],"about":[{"href":"https:\/\/principesdeparis.es\/principes\/wp-json\/wp\/v2\/types\/post"}],"author":[{"embeddable":true,"href":"https:\/\/principesdeparis.es\/principes\/wp-json\/wp\/v2\/users\/2"}],"replies":[{"embeddable":true,"href":"https:\/\/principesdeparis.es\/principes\/wp-json\/wp\/v2\/comments?post=16474"}],"version-history":[{"count":1,"href":"https:\/\/principesdeparis.es\/principes\/wp-json\/wp\/v2\/posts\/16474\/revisions"}],"predecessor-version":[{"id":16476,"href":"https:\/\/principesdeparis.es\/principes\/wp-json\/wp\/v2\/posts\/16474\/revisions\/16476"}],"wp:featuredmedia":[{"embeddable":true,"href":"https:\/\/principesdeparis.es\/principes\/wp-json\/wp\/v2\/media\/16475"}],"wp:attachment":[{"href":"https:\/\/principesdeparis.es\/principes\/wp-json\/wp\/v2\/media?parent=16474"}],"wp:term":[{"taxonomy":"category","embeddable":true,"href":"https:\/\/principesdeparis.es\/principes\/wp-json\/wp\/v2\/categories?post=16474"},{"taxonomy":"post_tag","embeddable":true,"href":"https:\/\/principesdeparis.es\/principes\/wp-json\/wp\/v2\/tags?post=16474"}],"curies":[{"name":"wp","href":"https:\/\/api.w.org\/{rel}","templated":true}]}}