{"id":16477,"date":"2024-09-12T08:33:38","date_gmt":"2024-09-12T08:33:38","guid":{"rendered":"https:\/\/principesdeparis.es\/principes\/?p=16477"},"modified":"2024-09-12T08:33:38","modified_gmt":"2024-09-12T08:33:38","slug":"keidi-bare-y-otras-historias","status":"publish","type":"post","link":"https:\/\/principesdeparis.es\/principes\/keidi-bare-y-otras-historias\/","title":{"rendered":"Keidi Bare y otras historias"},"content":{"rendered":"<p>Siempre que el Real Zaragoza juega en Burgos aunque el club castellano haya cambiado hasta tres veces de identidad, tengo un recuerdo especial. En primer lugar porque mi madre naci\u00f3 all\u00ed aunque su familia era de Calatayud; despu\u00e9s porque se march\u00f3 Arsenio Iglesias a la ciudad del Cid en 1978 tras dejar campe\u00f3n de Segunda Divisi\u00f3n al equipo aragon\u00e9s sin perder ning\u00fan encuentro en la Romareda por ocho millones de pesetas y su cercan\u00eda me dej\u00f3 un excelente recuerdo; por \u00faltimo, las primeras veces que fui a El Plant\u00edo despu\u00e9s de su primera remodelaci\u00f3n, se me helaba la cara pero ten\u00eda los pies abrasados por el radiador el\u00e9ctrico y el cristal de la cabina empa\u00f1ado.<\/p>\n<p>Son impresiones personales del \u00faltimo tercio del siglo pasado y que nada tienen que ver con el partido del domingo. Pero me gusta compartirlas en \u00abEl 10 de Pr\u00edncipes de Par\u00eds\u00bb con lectores que esperan algo diferente escrito desde la calma de quien no le debe nada a nadie. Keidi Bare no conocer\u00e1 la capital burgalesa ni visitar\u00e1 la catedral g\u00f3tica del siglo XIII que a\u00fan forma parte del cristianismo aunque no sabemos por cu\u00e1nto tiempo, dado el futuro que parece esperarle al continente europeo.<\/p>\n<p>Otro lesionado m\u00e1s que le complica la vida a V\u00edctor Fern\u00e1ndez para contar con un once titular que ya iba tomando forma donde uno de los l\u00edderes es el futbolista alban\u00e9s. No he tenido la fortuna de viajar a su pa\u00eds como, gracias al f\u00fatbol y al baloncesto, he disfrutado de Polonia, Rep\u00fablica Checa, Eslovaquia, Hungr\u00eda, Eslovenia, Croacia, Bosnia, Serbia, Bulgaria o Ruman\u00eda; si contamos una r\u00e1pida visita a Berl\u00edn Oriental en 1987 en la RDA y Mosc\u00fa antes de ser Rusia, doce pa\u00edses del tel\u00f3n de acero o que sal\u00edan de la dominaci\u00f3n sovi\u00e9tica.<\/p>\n<p>\u00bfCu\u00e1l fue la \u00faltima noticia que han le\u00eddo o escuchado de Albania? \u00bfSaben c\u00f3mo se llama su presidente? Estuvo cinco siglos ocupada por los otomanos y en 1908 obtuvo su soberan\u00eda. Nuestro centrocampista naci\u00f3 en la ciudad de Fier que se encuentra a 12 kil\u00f3metros de Apolonia fundada por los corintios y despu\u00e9s de haber conocido Madrid, M\u00e1laga y Barcelona desde 2016, tendr\u00e1 que disfrutar unas semanas de asueto sin salir de Zaragoza.<\/p>\n","protected":false},"excerpt":{"rendered":"<p>Siempre que el Real Zaragoza juega en Burgos aunque el club castellano haya cambiado hasta tres veces de identidad, tengo un recuerdo especial. En primer lugar porque mi madre naci\u00f3 all\u00ed aunque su familia era de Calatayud; despu\u00e9s porque se march\u00f3 Arsenio Iglesias a la ciudad del Cid en 1978 <a class=\"read-more\" href=\"https:\/\/principesdeparis.es\/principes\/keidi-bare-y-otras-historias\/\">Sigue leyendo<\/a><\/p>\n","protected":false},"author":3,"featured_media":16055,"comment_status":"open","ping_status":"open","sticky":false,"template":"","format":"standard","meta":{"footnotes":""},"categories":[16,13],"tags":[],"class_list":["post-16477","post","type-post","status-publish","format-standard","has-post-thumbnail","hentry","category-el10","category-publicidad"],"_links":{"self":[{"href":"https:\/\/principesdeparis.es\/principes\/wp-json\/wp\/v2\/posts\/16477","targetHints":{"allow":["GET"]}}],"collection":[{"href":"https:\/\/principesdeparis.es\/principes\/wp-json\/wp\/v2\/posts"}],"about":[{"href":"https:\/\/principesdeparis.es\/principes\/wp-json\/wp\/v2\/types\/post"}],"author":[{"embeddable":true,"href":"https:\/\/principesdeparis.es\/principes\/wp-json\/wp\/v2\/users\/3"}],"replies":[{"embeddable":true,"href":"https:\/\/principesdeparis.es\/principes\/wp-json\/wp\/v2\/comments?post=16477"}],"version-history":[{"count":1,"href":"https:\/\/principesdeparis.es\/principes\/wp-json\/wp\/v2\/posts\/16477\/revisions"}],"predecessor-version":[{"id":16478,"href":"https:\/\/principesdeparis.es\/principes\/wp-json\/wp\/v2\/posts\/16477\/revisions\/16478"}],"wp:featuredmedia":[{"embeddable":true,"href":"https:\/\/principesdeparis.es\/principes\/wp-json\/wp\/v2\/media\/16055"}],"wp:attachment":[{"href":"https:\/\/principesdeparis.es\/principes\/wp-json\/wp\/v2\/media?parent=16477"}],"wp:term":[{"taxonomy":"category","embeddable":true,"href":"https:\/\/principesdeparis.es\/principes\/wp-json\/wp\/v2\/categories?post=16477"},{"taxonomy":"post_tag","embeddable":true,"href":"https:\/\/principesdeparis.es\/principes\/wp-json\/wp\/v2\/tags?post=16477"}],"curies":[{"name":"wp","href":"https:\/\/api.w.org\/{rel}","templated":true}]}}