{"id":16495,"date":"2024-09-15T15:33:50","date_gmt":"2024-09-15T15:33:50","guid":{"rendered":"https:\/\/principesdeparis.es\/principes\/?p=16495"},"modified":"2024-09-15T15:58:59","modified_gmt":"2024-09-15T15:58:59","slug":"toni-moya-y-adu-ares-estrenan-titularidad","status":"publish","type":"post","link":"https:\/\/principesdeparis.es\/principes\/toni-moya-y-adu-ares-estrenan-titularidad\/","title":{"rendered":"Toni Moya y Adu Ares estrenan titularidad"},"content":{"rendered":"<p>Hab\u00eda que cubrir la ausencia de Keidi Bare y V\u00edctor Fern\u00e1ndez se ha decidido por Toni Moya en lugar de Francho Serrano, el otro aspirante para la posici\u00f3n que ha dejado vacante por lesi\u00f3n el alban\u00e9s. El centrocampista de M\u00e9rida debuta as\u00ed esta temporada en un once inicial en el que se produce tambi\u00e9n el estreno en la alineaci\u00f3n de Adu Ares. Son las dos \u00fanicas novedades para hacer frente estar tarde al Burgos, conseguir la cuarta victoria del curso y defender un liderato que, por el momento, le ha arrebatado el Velante con 11 puntos, los mismos que el Racing y el Eibar. En el caso de que igualara en El Plant\u00edo, el conjunto aragon\u00e9s seguir\u00eda en lo m\u00e1s alto de la tabla con los mismos puntos que estos tres rivales, entre los que ya empiezan a asomar los titanes de la categor\u00eda..<\/p>\n<p>Como ya hab\u00eda insinuado el t\u00e9cnico, Bazdar se queda fuera por haber estado casi toda la semana fuera de Zaragoza por sus compromisos con la sub 21 de Serbia y repite en ataque Alberto Mar\u00ed. El conjunto aragon\u00e9s tiene que hacer frente a un centro del campo renovado, donde se mantienen Aguado y Liso, y que dar\u00e1 la dimensi\u00f3n de su fondo de armario, hasta la fecha impecable en los anteriores compromisos. Existe cierta expectaci\u00f3n por comprobar la sinton\u00eda entre dos mediocentros que ya hab\u00edan coincidido la campa\u00f1a anterior, aunque en la mayor\u00eda de las ocasiones en una formaci\u00f3n en rombo, y c\u00f3mo se repartir\u00e1n las labores de sacrificio y liderazgo que re\u00fane en su figura Bare, lesionado para al menos mes y medio por una rotura fibrilar.<\/p>\n<p>El partido tambi\u00e9n el atractivo de ver por primera vez dos extremos naturales en el Real Zaragoza, una pareja de especialistas in\u00e9ditos desde hace d\u00e9cadas en este equipo. Se sabe lo que aportar\u00e1 Liso, un yunque en cuanto toma el carril hacia el \u00e1rea y se conf\u00eda en que Ares, cedido por el Athletic, aporte clase y desborde, adem\u00e1s de criterio con el bal\u00f3n y un asignatura pendiente que este campeonato es innegociable, el trabajo defensivo a tiempo completo. Las musas goleadoras de Sober\u00f3n y la seguridad atr\u00e1s pasan examen ante un adversario de los duros que ha ha pinchado en una ocasi\u00f3n en casa contra el Castell\u00f3n pero que, en caso de vencer, alcanzar\u00eda al Real Zaragoza. La escuadra de Bolo viene de imponerse en Huesca y el t\u00e9cnico repite que dobleg\u00f3 a los oscenses con un tanto de \u00cd\u00f1igo C\u00f3rdoba.<\/p>\n<p>&nbsp;<\/p>\n<p>La alineaci\u00f3n del Burgos<\/p>\n<blockquote class=\"twitter-tweet\">\n<p dir=\"ltr\" lang=\"es\">\u00a1Ya tenemos nuestro para enfrentarnos al <a href=\"https:\/\/twitter.com\/RealZaragoza?ref_src=twsrc%5Etfw\">@RealZaragoza<\/a>! 1&#xfe0f;&#x20e3;1&#xfe0f;&#x20e3;<a href=\"https:\/\/twitter.com\/hashtag\/BurgosCFRealZaragoza?src=hash&amp;ref_src=twsrc%5Etfw\">#BurgosCFRealZaragoza<\/a> <a href=\"https:\/\/twitter.com\/hashtag\/TodaMiVida?src=hash&amp;ref_src=twsrc%5Etfw\">#TodaMiVida<\/a> <a href=\"https:\/\/t.co\/oKtbbuOXMm\">pic.twitter.com\/oKtbbuOXMm<\/a><\/p>\n<p>\u2014 Burgos Club de F\u00fatbol (@Burgos_CF) <a href=\"https:\/\/twitter.com\/Burgos_CF\/status\/1835338192066674928?ref_src=twsrc%5Etfw\">September 15, 2024<\/a><\/p><\/blockquote>\n<p><script async src=\"https:\/\/platform.twitter.com\/widgets.js\" charset=\"utf-8\"><\/script><\/p>\n","protected":false},"excerpt":{"rendered":"<p>Hab\u00eda que cubrir la ausencia de Keidi Bare y V\u00edctor Fern\u00e1ndez se ha decidido por Toni Moya en lugar de Francho Serrano, el otro aspirante para la posici\u00f3n que ha dejado vacante por lesi\u00f3n el alban\u00e9s. El centrocampista de M\u00e9rida debuta as\u00ed esta temporada en un once inicial en el <a class=\"read-more\" href=\"https:\/\/principesdeparis.es\/principes\/toni-moya-y-adu-ares-estrenan-titularidad\/\">Sigue leyendo<\/a><\/p>\n","protected":false},"author":2,"featured_media":16497,"comment_status":"open","ping_status":"open","sticky":false,"template":"","format":"standard","meta":{"footnotes":""},"categories":[13,1],"tags":[],"class_list":["post-16495","post","type-post","status-publish","format-standard","has-post-thumbnail","hentry","category-publicidad","category-real-zaragoza"],"_links":{"self":[{"href":"https:\/\/principesdeparis.es\/principes\/wp-json\/wp\/v2\/posts\/16495","targetHints":{"allow":["GET"]}}],"collection":[{"href":"https:\/\/principesdeparis.es\/principes\/wp-json\/wp\/v2\/posts"}],"about":[{"href":"https:\/\/principesdeparis.es\/principes\/wp-json\/wp\/v2\/types\/post"}],"author":[{"embeddable":true,"href":"https:\/\/principesdeparis.es\/principes\/wp-json\/wp\/v2\/users\/2"}],"replies":[{"embeddable":true,"href":"https:\/\/principesdeparis.es\/principes\/wp-json\/wp\/v2\/comments?post=16495"}],"version-history":[{"count":10,"href":"https:\/\/principesdeparis.es\/principes\/wp-json\/wp\/v2\/posts\/16495\/revisions"}],"predecessor-version":[{"id":16506,"href":"https:\/\/principesdeparis.es\/principes\/wp-json\/wp\/v2\/posts\/16495\/revisions\/16506"}],"wp:featuredmedia":[{"embeddable":true,"href":"https:\/\/principesdeparis.es\/principes\/wp-json\/wp\/v2\/media\/16497"}],"wp:attachment":[{"href":"https:\/\/principesdeparis.es\/principes\/wp-json\/wp\/v2\/media?parent=16495"}],"wp:term":[{"taxonomy":"category","embeddable":true,"href":"https:\/\/principesdeparis.es\/principes\/wp-json\/wp\/v2\/categories?post=16495"},{"taxonomy":"post_tag","embeddable":true,"href":"https:\/\/principesdeparis.es\/principes\/wp-json\/wp\/v2\/tags?post=16495"}],"curies":[{"name":"wp","href":"https:\/\/api.w.org\/{rel}","templated":true}]}}