{"id":16523,"date":"2024-09-16T18:33:03","date_gmt":"2024-09-16T18:33:03","guid":{"rendered":"https:\/\/principesdeparis.es\/principes\/?p=16523"},"modified":"2024-09-16T18:33:03","modified_gmt":"2024-09-16T18:33:03","slug":"el-real-zaragoza-y-su-corazon-partido","status":"publish","type":"post","link":"https:\/\/principesdeparis.es\/principes\/el-real-zaragoza-y-su-corazon-partido\/","title":{"rendered":"El Real Zaragoza y su coraz\u00f3n partido"},"content":{"rendered":"<p style=\"text-align: center;\"><em><strong>La baja de Bare confirma un centro del campo que sin alban\u00e9s se parece en exceso al de la temporada anterior y repite sus defectos<\/strong><\/em><\/p>\n<p>\u00bfCu\u00e1nto echar\u00e1 en falta el Real Zaragoza no haberse reforzado en el centro del campo como indican los c\u00e1nones de los equipos que aspiran al ascenso o aquellos que han detectado carencias en esa parcela? Por el momento lo hizo en El Plant\u00edo, donde no pudo contar por lesi\u00f3n con su representante m\u00e1s diestro, un Keidi Bare a quien le esperan al menos cinco partidos para recuperarse al cien por cien de su rotura fibrilar. Lo que se comprob\u00f3 en Burgos es que la salud del conjunto aragon\u00e9s est\u00e1 directamente ligada a la del futbolista alban\u00e9s. En su primera derrota del curso compiti\u00f3 y pudo haber sacado puntos durante un partido que, sin embargo, jug\u00f3 sin la jerarqu\u00eda de los anteriores en el coraz\u00f3n del campo. El partido lo perdi\u00f3 en la pen\u00faltima acci\u00f3n, como consecuencia precisamente de un desfallecimiento que empez\u00f3 con Vital de mediocentro y que encaden\u00f3 al menos cuatro p\u00e9simas decisiones defensivas que abrieron una autopista sin peaje para Sancris, autor del gol. A V\u00edctor Fern\u00e1ndez se le cay\u00f3 el equipo y recurri\u00f3 a maniobras poco naturales, pero antes, desde el principio, la opci\u00f3n de Moya para acompa\u00f1ar a Aguado, con Francho como otra alternativa, se tradujo en una respuesta plana desde la sala de operaciones. Pese a los espectaculares tiros de Moya, uno de ellos al larguero, la velocidad de circulaci\u00f3n y la pobreza de pases que rompieran l\u00edneas de una sociedad que nunca ha mezclado bien, resucit\u00f3 el f\u00fatbol plano de la temporada pasada, no exento de imprecisiones y de un Adu Ares decepcionante en su debut que colabor\u00f3 a acentuar el atasco. La sombra de Bare se hizo fue muy alargada, sensaci\u00f3n de vac\u00edo minimizada por un Burgos en la misma l\u00ednea de grosor imaginativo.<\/p>\n<p>Algo muy importante se ha quedado en el tintero de V\u00edctor y Cordero, que no pudieron o renunciaron a la contrataci\u00f3n de un centrocampista que sab\u00edan capital para el proyecto y que no se consigui\u00f3 en el mercado de verano, abriendo la puerta del de invierno para apuntalar su planificaci\u00f3n, una decisi\u00f3n de riesgo. La cuesti\u00f3n es que el Real Zaragoza ha retocado su porter\u00eda con Femen\u00edas, reconstruido su defensa y poblado su delantera. La revoluci\u00f3n no es tal en el centro del mapa. Se fich\u00f3 al prometedor Gori Gracia sin saber muy bien si cederlo o sumarlo a la plantilla para que fuera evolucionando de las dos graves lesiones de cruzados que hab\u00eda sufrido en el Espanyol B. Citado para todos los encuentros, no ha tenido un solo minuto, tampoco en El Plant\u00edo, donde el contexto ped\u00eda su participaci\u00f3n. En las alineaciones se ha colado Sergio Bermejo con tres titularidades despu\u00e9s de ser devuelto por el Sporting por una desconfianza m\u00e9dica sobre una de sus rodillas. El madrile\u00f1o sigue siendo el de siempre, un refinado transportista de perfumes que muy pocas veces llegan a su destino. En Burgos, desde el banquillo, volvi\u00f3 a dejar su acostumbrado aroma a nada. Moya, con una t\u00e9cnica sobresaliente, peca de una indolencia considerable, y Aguado, que hab\u00eda hecho migas con un Bare que revalorizaba su virtudes posicionales, anduvo desenfocado y agotado en Burgos.<\/p>\n<p>Mejora Keidi Bare a los dem\u00e1s, que reducen sus prestaciones sin \u00e9l. Francho Serrano podr\u00eda aproximarse a ese perfil, pero el entrenador ha dejado muy claro algo que ya manifest\u00f3 la campa\u00f1a anterior y que se corrobor\u00f3 en esta \u00faltima jornada, que no le gusta lo m\u00e1s m\u00ednimo. Para que el equipo, a\u00fan en el horno y con unos buenos resultados y una apuesta valiente, tenga un comportamiento menos previsible en la edificaci\u00f3n del juego, est\u00e1 a la espera de lo que le puede ofrecer Aketxe como cord\u00f3n umbilical entre la zona de lanzamiento y la de aterrizaje. Su baja ha aumentado al sensaci\u00f3n de orfandad sin Bare y viceversa. El regreso de ambos supondr\u00e1 un subid\u00f3n de posibilidades que habr\u00e1 que confirmar en el campo, lo que no oculta que el cuerpo t\u00e9cnico no ha calculado bien o la secretar\u00eda no le ha tra\u00eddo lo solicitado para disponer de otros corazones para hacer bombear el centro del campo con el comp\u00e1s y los equilibrios que se le piden a un aspirante a subir.<\/p>\n","protected":false},"excerpt":{"rendered":"<p>La baja de Bare confirma un centro del campo que sin alban\u00e9s se parece en exceso al de la temporada anterior y repite sus defectos \u00bfCu\u00e1nto echar\u00e1 en falta el Real Zaragoza no haberse reforzado en el centro del campo como indican los c\u00e1nones de los equipos que aspiran al <a class=\"read-more\" href=\"https:\/\/principesdeparis.es\/principes\/el-real-zaragoza-y-su-corazon-partido\/\">Sigue leyendo<\/a><\/p>\n","protected":false},"author":2,"featured_media":16524,"comment_status":"open","ping_status":"open","sticky":false,"template":"","format":"standard","meta":{"footnotes":""},"categories":[13,1],"tags":[],"class_list":["post-16523","post","type-post","status-publish","format-standard","has-post-thumbnail","hentry","category-publicidad","category-real-zaragoza"],"_links":{"self":[{"href":"https:\/\/principesdeparis.es\/principes\/wp-json\/wp\/v2\/posts\/16523","targetHints":{"allow":["GET"]}}],"collection":[{"href":"https:\/\/principesdeparis.es\/principes\/wp-json\/wp\/v2\/posts"}],"about":[{"href":"https:\/\/principesdeparis.es\/principes\/wp-json\/wp\/v2\/types\/post"}],"author":[{"embeddable":true,"href":"https:\/\/principesdeparis.es\/principes\/wp-json\/wp\/v2\/users\/2"}],"replies":[{"embeddable":true,"href":"https:\/\/principesdeparis.es\/principes\/wp-json\/wp\/v2\/comments?post=16523"}],"version-history":[{"count":1,"href":"https:\/\/principesdeparis.es\/principes\/wp-json\/wp\/v2\/posts\/16523\/revisions"}],"predecessor-version":[{"id":16525,"href":"https:\/\/principesdeparis.es\/principes\/wp-json\/wp\/v2\/posts\/16523\/revisions\/16525"}],"wp:featuredmedia":[{"embeddable":true,"href":"https:\/\/principesdeparis.es\/principes\/wp-json\/wp\/v2\/media\/16524"}],"wp:attachment":[{"href":"https:\/\/principesdeparis.es\/principes\/wp-json\/wp\/v2\/media?parent=16523"}],"wp:term":[{"taxonomy":"category","embeddable":true,"href":"https:\/\/principesdeparis.es\/principes\/wp-json\/wp\/v2\/categories?post=16523"},{"taxonomy":"post_tag","embeddable":true,"href":"https:\/\/principesdeparis.es\/principes\/wp-json\/wp\/v2\/tags?post=16523"}],"curies":[{"name":"wp","href":"https:\/\/api.w.org\/{rel}","templated":true}]}}