{"id":16536,"date":"2024-09-19T16:46:34","date_gmt":"2024-09-19T16:46:34","guid":{"rendered":"https:\/\/principesdeparis.es\/principes\/?p=16536"},"modified":"2024-09-19T17:15:49","modified_gmt":"2024-09-19T17:15:49","slug":"el-muro-se-eleva-para-azon-y-francho","status":"publish","type":"post","link":"https:\/\/principesdeparis.es\/principes\/el-muro-se-eleva-para-azon-y-francho\/","title":{"rendered":"El muro se eleva para Az\u00f3n y Francho"},"content":{"rendered":"<p style=\"text-align: center;\"><em><strong>El delantero, con Bazdar, Sober\u00f3n y Mar\u00ed por delante,\u00a0 y el centrocampista, autor de dos goles, afrontan sus arranques de temporada con menos participaci\u00f3n desde que juegan como integrantes de la primera plantilla<\/strong><\/em><\/p>\n<p>En la quinta jornada, Iv\u00e1n Az\u00f3n todav\u00eda no se ha vestido de titular en ninguna oportunidad. Tampoco lo ha hecho Francho Serrano, presente en las \u00faltimas cuatro citaciones tras recuperarse de una fascitis plantar. El ariete ha jugado siempre saliendo desde el banquillo para reactivar el f\u00fatbol ofensivo de sus compa\u00f1eros. Lo hizo en C\u00e1diz, Cartagena, Miranda de Ebro, donde envi\u00f3 un bal\u00f3n al palo, frente al Elche en La Romareda y contra el Burgos para sumar 127 minutos en total. Bazdar, Sober\u00f3n y Mar\u00ed est\u00e1n muy por delante para el entrenador y deber\u00e1 acumular m\u00e1s paciencia que nunca. El centrocampista tambi\u00e9n ha ejercido como relevo, consiguiendo dos tantos, en la remontada en Cartagonova y el del cierre de la goleada frente al conjunto de Eder Sarabia. 88 minutos muy fruct\u00edferos que parec\u00edan concederle el lugar que ha dejado vacante Keidi Bare por su lesi\u00f3n muscular, pero V\u00edctor Fern\u00e1ndez prefiri\u00f3 a Toni Moya en El Plant\u00edo. Para ambos se ha elevado el muro m\u00e1s alto en un inicio con la participaci\u00f3n m\u00e1s baja de ambos en un arranque de curso estando en plenitud f\u00edsica desde que se estrenaran con ficha de la primera plantilla: Az\u00f3n en la 2021-2022 despu\u00e9s debutar en la jornada 11\u00aa de la campa\u00f1a anterior con Baraja y cumplir cinco partidos con un m\u00ednimo de 45 minutos, y el mediocampista tras firmar en el verano de 2022.<\/p>\n<p>No figuran entre los trece favoritos de V\u00edctor Fern\u00e1ndez. Az\u00f3n tiene por encima a Toni Moya (133) y a Alberto Mar\u00ed (132), y Francho, adem\u00e1s, a Adu Ares (113). El t\u00e9cnico ya ha dejado muy claro que son jugadores \u00fatiles pero en absoluto con pasaporte titular. El transcurso de la temporada y las ausencias que se vayan produciendo dir\u00e1n cu\u00e1l es su papel definitivo en este proyecto, pero por ahora cumplen con una funci\u00f3n de acompa\u00f1amiento que para el atacante no es nueva. Ha regresado al papel de revulsivo que le adjudic\u00f3 Juan Ignacio Mart\u00ednez y del que s\u00f3lo se desprendi\u00f3 por completo el curso anterior de salida con Escrib\u00e1 y cuando, por en\u00e9sima vez, los goleadores contratados picharon en hueso y V\u00edctor recurri\u00f3 al tit\u00e1n aragon\u00e9s. En este periodo, sus apariciones en el once han estado estrechamente ligadas al fracaso del equipo y de un ramillete de desafortunadas elecciones de las direcciones deportivas (Toro Fern\u00e1ndez, Vuckic, Sabin Merino, \u00c1lvaro, Alegr\u00eda, Pape Gueye, Manu Vallejo, Sergi Enrich y Bakis), a situaciones l\u00edmite que el zaragozano ayud\u00f3 a esquivar con ilusi\u00f3n, compromiso y tantos. Su forma de entregarse, incondicional y emotiva, ha chocado con su irregular eficacia rematadora, dividiendo a la grada entre ac\u00e9rrimos simpatizantes y duros cr\u00edticos.<\/p>\n<p>Francho, con un partido menos (124) pero con mucha m\u00e1s presencia en el equipo que el atacante en este lustro compartido, se gan\u00f3 el puesto en el once en el momento que Baraja le dio la alternativa en la d\u00e9cima jornada de 2020 ante el Mallorca en La Romareda, dos semanas antes que a Az\u00f3n. Desde entonces todos los entrenadores le han fijado en la foto de sus planes. Pareja de Eguaras, Zapater y Grau, este consumidor de kil\u00f3metros y esfuerzos repetidos, un futbolista muy del perfil est\u00e9tico de los centrocampistas holandeses de los 70, se erigi\u00f3, junto al propio Az\u00f3n y Franc\u00e9s, en l\u00edder de la agon\u00eda de un Real Zaragoza que les debe la vida sin licencia literaria. Una rotura del isquio y otra posterior de la fascia plantar por una imprudencia de los servicios m\u00e9dicos fren\u00f3 en sec\u00f3 la campa\u00f1a pasada su continuidad en el once. Acaba, al igual que el ariete, contrato en el 2025 y ha recibido una primera propuesta de renovaci\u00f3n a la baja que no est\u00e1 dispuesto a aceptar. El a\u00f1o que m\u00e1s se ha nombrado el ascenso, la pareja de canteranos ha sido desplazada a un segundo plano. A V\u00edctor le interesan pero no le seducen mientras se peina el mercado de cara al invierno en busca de otro centrocampista que muscule la zona. No habr\u00e1 un gran debate mientras todo vaya como la seda.<\/p>\n","protected":false},"excerpt":{"rendered":"<p>El delantero, con Bazdar, Sober\u00f3n y Mar\u00ed por delante,\u00a0 y el centrocampista, autor de dos goles, afrontan sus arranques de temporada con menos participaci\u00f3n desde que juegan como integrantes de la primera plantilla En la quinta jornada, Iv\u00e1n Az\u00f3n todav\u00eda no se ha vestido de titular en ninguna oportunidad. Tampoco <a class=\"read-more\" href=\"https:\/\/principesdeparis.es\/principes\/el-muro-se-eleva-para-azon-y-francho\/\">Sigue leyendo<\/a><\/p>\n","protected":false},"author":2,"featured_media":16537,"comment_status":"open","ping_status":"open","sticky":false,"template":"","format":"standard","meta":{"footnotes":""},"categories":[13,1],"tags":[],"class_list":["post-16536","post","type-post","status-publish","format-standard","has-post-thumbnail","hentry","category-publicidad","category-real-zaragoza"],"_links":{"self":[{"href":"https:\/\/principesdeparis.es\/principes\/wp-json\/wp\/v2\/posts\/16536","targetHints":{"allow":["GET"]}}],"collection":[{"href":"https:\/\/principesdeparis.es\/principes\/wp-json\/wp\/v2\/posts"}],"about":[{"href":"https:\/\/principesdeparis.es\/principes\/wp-json\/wp\/v2\/types\/post"}],"author":[{"embeddable":true,"href":"https:\/\/principesdeparis.es\/principes\/wp-json\/wp\/v2\/users\/2"}],"replies":[{"embeddable":true,"href":"https:\/\/principesdeparis.es\/principes\/wp-json\/wp\/v2\/comments?post=16536"}],"version-history":[{"count":3,"href":"https:\/\/principesdeparis.es\/principes\/wp-json\/wp\/v2\/posts\/16536\/revisions"}],"predecessor-version":[{"id":16540,"href":"https:\/\/principesdeparis.es\/principes\/wp-json\/wp\/v2\/posts\/16536\/revisions\/16540"}],"wp:featuredmedia":[{"embeddable":true,"href":"https:\/\/principesdeparis.es\/principes\/wp-json\/wp\/v2\/media\/16537"}],"wp:attachment":[{"href":"https:\/\/principesdeparis.es\/principes\/wp-json\/wp\/v2\/media?parent=16536"}],"wp:term":[{"taxonomy":"category","embeddable":true,"href":"https:\/\/principesdeparis.es\/principes\/wp-json\/wp\/v2\/categories?post=16536"},{"taxonomy":"post_tag","embeddable":true,"href":"https:\/\/principesdeparis.es\/principes\/wp-json\/wp\/v2\/tags?post=16536"}],"curies":[{"name":"wp","href":"https:\/\/api.w.org\/{rel}","templated":true}]}}