{"id":16541,"date":"2024-09-20T11:28:39","date_gmt":"2024-09-20T11:28:39","guid":{"rendered":"https:\/\/principesdeparis.es\/principes\/?p=16541"},"modified":"2024-09-20T11:50:58","modified_gmt":"2024-09-20T11:50:58","slug":"victor-fernandez-el-levante-es-caviar-sera-un-partido-de-poder-a-poder","status":"publish","type":"post","link":"https:\/\/principesdeparis.es\/principes\/victor-fernandez-el-levante-es-caviar-sera-un-partido-de-poder-a-poder\/","title":{"rendered":"V\u00edctor Fern\u00e1ndez: \u00abEl Levante es caviar, ser\u00e1 un partido de poder a poder\u00bb"},"content":{"rendered":"<p><strong>24 citados:<\/strong> \u00abVamos a hace una convocatoria amplia y todos est\u00e1n muy centrados en el partido. Meter\u00e9 24 y jugar\u00e9 un poco con la balanza y la prudencia. Hasta qu\u00e9 punto correr riesgos. Me gustar\u00eda empezar con un equipo no condicionado a la media hora. Todos los que vayan est\u00e1n aptos, una cosa es que unos puedan tener m\u00e1s o menos riesgo. Femen\u00edas, Bazdar y Aketxe van a entrar. Tan s\u00f3lo lamentar las bajas de Bare, Cristian y Jair\u00bb.<\/p>\n<p><strong>Plan de partido:<\/strong> \u00abVenimos de perder y a m\u00ed me gusta jugar en casa y ante este rival, que nos exigir\u00e1 mucho. Es el equipo m\u00e1s en forma del campeonato. Su t\u00e9cnico ha encontrado muchos equilibrios con juventud, experiencia f\u00edsica, calidad en jugadores diferenciales. Lo prefiero porque s\u00e9 que estamos bien y tenemos una gran oportunidad de levantarnos ante un gran rival\u00bb.<\/p>\n<p><strong>Kosa:<\/strong> \u00abEso de que viene como titular, no estoy de acuerdo. Todos los nuevos queremos que sean jugadores importantes. Kosa est\u00e1 entrenando muy bien y me imagino que el desarrollo de la competici\u00f3n ir\u00e1 c0locando a cada futbolista en lugar jer\u00e1rquico que le corresponda. Necesitamos que todos hallen ese punto en com\u00fan de nivel f\u00edsico y t\u00e1ctico como Mar\u00ed, Aketxe\u2026 Hay cinco o seis jugadores que est\u00e1n llamados a ser importantes y que esperamos que coincidan para ver hasta d\u00f3nde pueden y podemos llegar\u00bb.<\/p>\n<p><strong>La Romareda:<\/strong> \u00abA jugar en casa le doy una importancia m\u00e1xima. La trayectoria de un equipo en una temporada queda marcada por el respuesta como local. Cuanto m\u00e1s fuerte seamos en casa, mucho m\u00e1s brillante ser\u00e1 nuestra respuesta general. Debemos hacer valer nuestro potencial porque disponemos de armas suficientes para jugar de poder a poder con ellos aun pasando malos momentos\u00bb.<\/p>\n<p><strong>Adu Ares y Bermejo:<\/strong> \u00abEstamos cojos en lo que llamar\u00eda especialistas de banda. Tenemos dos, Adu y Liso, pero tambi\u00e9n tenemos a jugadores que se pueden adaptar caso de Bermejo o Aketxe, que lo ha hecho en banda derecha, a pierna cambiada. Elegir\u00e9 al m\u00e1s adecuado. En cuanto Adu, es la primera vez que sale de su casa, es joven y se tiene que adaptar a una Segunda que es mucho m\u00e1s exigente de lo que parece. Necesita su tiempo y conocer la categor\u00eda, que te da muy poco tiempo para pensar y poco espacio para moverse. Pau Sans es otro futbolista que como Bermejo o Ager se puede incluir en ese espacio\u00bb.<\/p>\n<p><strong>\u00c1nimo del grupo:<\/strong>\u00a0 \u00abYo s\u00f3lo me baso en los entrenamientos, donde me ha demostrado un gran nivel que me hace feliz por las tareas realizadas. Las caras y los semblantes ha sido muy buena. No he visto la necesidad de reparar una p\u00e9rdida. Aunque insisto que ellos tambi\u00e9n juegan, y tambi\u00e9n estar\u00e1n preocupados por nosotros. Podemos ganar con los jugadores que salgan\u00bb.<\/p>\n<p><strong>Poussin:<\/strong> \u00abLo dif\u00edcil era defenderle en verano. Me sorprendi\u00f3 que tiene mucho respaldo del grupo como persona y profesional, Cuando sal\u00ed a defenderle dije lo que yo ve\u00eda y lo hizo bien en la pretemporada. Coment\u00e9 c\u00f3mo se hab\u00eda reseteado y que no se ha rendido. Ahora se defiende con su rendimiento en el campo. Si no me ayudar a a ganar, no lo pondr\u00eda. No tengo compromiso con ning\u00fan jugador. Ni con \u00e9l ni con Femen\u00edas. Mi compromiso es que el Real Zaragoza est\u00e9 lo m\u00e1s arriba posible. Y cada uno debe demostrarlo en el campo\u00bb.<\/p>\n<p><strong>El rival:<\/strong> \u00abEl Levante ahora es caviar. Est\u00e1 muy bien estructurado. Una labor muy importante de Calero con una idea clara y con disciplina individual. Ese orden tiene su espacio para que salgo el talento con Carlos, Brugu\u00e9, Morales, Tiene brillo desde el orden y la disciplina. Hasta ahora se ve que va a estar arriba\u00bb.<\/p>\n<p><strong>El c\u00e9sped:<\/strong> \u00abEstamos pasando por unos momentos tenso porque el cambio del c\u00e9sped. Hay que tener paciencia y estoy seguro de que tenemos uno de los mejores c\u00e9sped de la Liga. No creo que si llueve condicionar\u00e1 el estadio del campo. Con que nos permita rasear el bal\u00f3n. Lo que me importa es que haga buen tiempo por el p\u00fablico, para que venga y nos apoye. El partido en s\u00ed es de lo mejor que se puede ver ahora. Va ser un encuentro de nivel y necesitamos confirmar lo que hicimos como locales ante el Elche\u00bb<\/p>\n<p style=\"text-align: center;\"><strong>Calero: \u00abEn La Romareda hay que tener personalidad\u00bb<\/strong><\/p>\n<p>\u00abLa Romareda es un estadio hist\u00f3rico, de los que mola porque es un campo que llena por su p\u00fablico, exigente pero siempre con sus jugadores. Est\u00e1n en un buen momento pese a una derrota en Burgos que pudo ser un empate en un partido muy igualado. Llevan nueve goles a favor y dos en contra y dando un nivel alto. Estos retos son los que realmente gustan. El bal\u00f3n parado, qui\u00e9n toma el mando, tener personalidad con el bal\u00f3n&#8230; Son aspectos muy importantes para competir en La Romareda\u00bb.<\/p>\n<p><iframe loading=\"lazy\" title=\"YouTube video player\" src=\"https:\/\/www.youtube.com\/embed\/63gW1E7AX5Q?si=9-JxTSVSBLT23TeY\" width=\"560\" height=\"315\" frameborder=\"0\" allowfullscreen=\"allowfullscreen\"><\/iframe><\/p>\n","protected":false},"excerpt":{"rendered":"<p>24 citados: \u00abVamos a hace una convocatoria amplia y todos est\u00e1n muy centrados en el partido. Meter\u00e9 24 y jugar\u00e9 un poco con la balanza y la prudencia. Hasta qu\u00e9 punto correr riesgos. Me gustar\u00eda empezar con un equipo no condicionado a la media hora. Todos los que vayan est\u00e1n <a class=\"read-more\" href=\"https:\/\/principesdeparis.es\/principes\/victor-fernandez-el-levante-es-caviar-sera-un-partido-de-poder-a-poder\/\">Sigue leyendo<\/a><\/p>\n","protected":false},"author":2,"featured_media":16542,"comment_status":"open","ping_status":"open","sticky":false,"template":"","format":"standard","meta":{"footnotes":""},"categories":[13,1],"tags":[],"class_list":["post-16541","post","type-post","status-publish","format-standard","has-post-thumbnail","hentry","category-publicidad","category-real-zaragoza"],"_links":{"self":[{"href":"https:\/\/principesdeparis.es\/principes\/wp-json\/wp\/v2\/posts\/16541","targetHints":{"allow":["GET"]}}],"collection":[{"href":"https:\/\/principesdeparis.es\/principes\/wp-json\/wp\/v2\/posts"}],"about":[{"href":"https:\/\/principesdeparis.es\/principes\/wp-json\/wp\/v2\/types\/post"}],"author":[{"embeddable":true,"href":"https:\/\/principesdeparis.es\/principes\/wp-json\/wp\/v2\/users\/2"}],"replies":[{"embeddable":true,"href":"https:\/\/principesdeparis.es\/principes\/wp-json\/wp\/v2\/comments?post=16541"}],"version-history":[{"count":4,"href":"https:\/\/principesdeparis.es\/principes\/wp-json\/wp\/v2\/posts\/16541\/revisions"}],"predecessor-version":[{"id":16546,"href":"https:\/\/principesdeparis.es\/principes\/wp-json\/wp\/v2\/posts\/16541\/revisions\/16546"}],"wp:featuredmedia":[{"embeddable":true,"href":"https:\/\/principesdeparis.es\/principes\/wp-json\/wp\/v2\/media\/16542"}],"wp:attachment":[{"href":"https:\/\/principesdeparis.es\/principes\/wp-json\/wp\/v2\/media?parent=16541"}],"wp:term":[{"taxonomy":"category","embeddable":true,"href":"https:\/\/principesdeparis.es\/principes\/wp-json\/wp\/v2\/categories?post=16541"},{"taxonomy":"post_tag","embeddable":true,"href":"https:\/\/principesdeparis.es\/principes\/wp-json\/wp\/v2\/tags?post=16541"}],"curies":[{"name":"wp","href":"https:\/\/api.w.org\/{rel}","templated":true}]}}