{"id":16548,"date":"2024-09-20T20:04:40","date_gmt":"2024-09-20T20:04:40","guid":{"rendered":"https:\/\/principesdeparis.es\/principes\/?p=16548"},"modified":"2024-09-21T10:44:33","modified_gmt":"2024-09-21T10:44:33","slug":"adu-ares-y-el-beluga","status":"publish","type":"post","link":"https:\/\/principesdeparis.es\/principes\/adu-ares-y-el-beluga\/","title":{"rendered":"Adu Ares y el beluga"},"content":{"rendered":"<p style=\"text-align: center;\"><em><strong>El Real Zaragoza, con regresos entre algodones y el extremo en el punto de mira, juega contra un buen Levante magnificado por V\u00edctor para reponerse del golpe de Burgos<\/strong><\/em><\/p>\n<p>El Real Zaragoza se ha convertido en un noticiero de sucesos en un arranque de temporada que no le ha ido nada mal pese a todo en lo deportivo. Se le han lesionado de importancia Femen\u00edas, Aketxe, Keidi Bare; Adu Ares fue duda por su tobillo; Bazdar est\u00e1 con una sobrecarga y a Aguado se le tensan los gemelos por el esfuerzo. Dos balonazos en los ojos han dejado KO a Jair y a Cristian&#8230; V\u00edctor Fern\u00e1ndez recupera para la visita del Levante (s\u00e1bado 21.00) al portero y al mediapunta, y el serbio entrar\u00e1 tambi\u00e9n en una citaci\u00f3n de 24. Sin embargo, parece pronto para que los dos primeros sean expuestos desde el principio del partido, mientras que el delantero, si se sienta en el banquillo, es muy probable que no sea utilizado para evitar riesgos. No se ver\u00e1 en esta cita al once por el que suspira el t\u00e9cnico, que recordaba que a\u00fan queda camino para a reunir a sus favoritos a pleno pulm\u00f3n f\u00edsico y t\u00e1ctico en la alineaci\u00f3n.<\/p>\n<p>En esta etapa inesperada de restauraci\u00f3n sobre la restructuraci\u00f3n de la plantilla, el encuentro es cabeza de cartel de la jornada por el buen momento de ambos equipos. L\u00edder el Levante y cuarto, a un punto de distancia, el conjunto aragon\u00e9s, se presentan invictos en La Romareda, escenario que se ha establecido como templo de la victoria si se quiere luchar por el ascenso. V\u00edctor defini\u00f3 como caviar al cuadro de Calero. El entrenador suele magnificar en las previas a los adversarios, sea el primero o el colista descolgado, en una estrategia por una parte l\u00f3gica y por otra muy del gusto de un profesional que disfruta con engrandecer todo lo que orbita alrededor del f\u00fatbol y de su figura aun en este agujero de Segunda. Los valencianos son, sin duda, un contrincante con herramientas para vencer en este pulso, pero a estas alturas de la competici\u00f3n todo est\u00e1 sujeto al equilibrio de lo provisional. Se\u00f1alar como favorito al Real Zaragoza no ser\u00eda nada insensato, porque esta categor\u00eda, por mucho ex que haya de Primera entre sus 22 componentes, est\u00e1 abierta a todo.<\/p>\n<p>Ser\u00e1 dif\u00edcil encontrar algo de beluga en el juego porque el Levante se va a cuidar de asumir riesgos y porque el Real Zaragoza, aunque tienda a ser valiente por cap\u00edtulos, est\u00e1 lejos de la perfecci\u00f3n. Asoma as\u00ed un encuentro emocionante, seguramente vivo e intenso, con ocasiones y detalles individuales. Bonito si se quiere. De ah\u00ed a dejar huella en el paladar&#8230; Lo m\u00e1s exquisito lo representa la captura de los tres puntos, esenciales para no perder pie con las seis primeras plazas desde lo m\u00e1s alto despu\u00e9s de caer en Burgos, donde pudo darse cualquier resultado pero el que se produjo no fue casual por una mala interpretaci\u00f3n de los futbolistas y el entrenador en la recta final. El tropiezo, no obstante, no fue la puerta a crisis alguna despu\u00e9s de cuatro actuaciones anteriores, con la excepci\u00f3n de Anduva, m\u00e1s que potables, con un par de goleadas muy vistosas aunque por ahora de los de arriba s\u00f3lo se haya estrenado Sober\u00f3n.<\/p>\n<p>No se espera, por lo tanto, cambios en la alineaci\u00f3n. Kosa, que ya debut\u00f3 en El Plant\u00edo, ha venido para ser de los principales, si bien V\u00edctor, con la segunda defensa m\u00e1s segura de la Liga y el portero m\u00e1s querido del mundo, ha dejado entrever que todav\u00eda no es la hora del eslovaco. En el centro del campo, Aguado y Moya repetir\u00e1, con Liso y Adu Ares en los extremos. Aqu\u00ed se podr\u00eda abrir un par\u00e9ntesis para la duda por el lastimoso estreno del vizca\u00edno en Burgos, pero no parece lo m\u00e1s razonable sacrificar al jugador cedido del Athletic a las primeras de cambio. Eso s\u00ed, todos los ojos estar\u00e1 puestos sobre \u00e9l. Otro espect\u00e1culo de indolencia, edulcorado por V\u00edctor como falta de aclimataci\u00f3n y juventud, le dejar\u00eda muy tocado para el futuro, y m\u00e1s en cuanto Aketxe est\u00e9 en condiciones para ir al frente. En punta, Sober\u00f3n y Mart\u00ed para iluminar el ataque en un partido con m\u00e1s aroma a mortadela. Manjar de lujo si se degusta entre el pan y pan del triunfo.<\/p>\n<blockquote class=\"twitter-tweet\">\n<p lang=\"es\" dir=\"ltr\">Los 24 para recibir al Levante. V\u00edctor deber\u00e1 hacer un descarte <a href=\"https:\/\/t.co\/xQroNaMhVp\">https:\/\/t.co\/xQroNaMhVp<\/a><\/p>\n<p>&mdash; Alfonso Hernandez (@alfonherndez) <a href=\"https:\/\/twitter.com\/alfonherndez\/status\/1837442537646178392?ref_src=twsrc%5Etfw\">September 21, 2024<\/a><\/p><\/blockquote>\n<p> <script async src=\"https:\/\/platform.twitter.com\/widgets.js\" charset=\"utf-8\"><\/script><\/p>\n","protected":false},"excerpt":{"rendered":"<p>El Real Zaragoza, con regresos entre algodones y el extremo en el punto de mira, juega contra un buen Levante magnificado por V\u00edctor para reponerse del golpe de Burgos El Real Zaragoza se ha convertido en un noticiero de sucesos en un arranque de temporada que no le ha ido <a class=\"read-more\" href=\"https:\/\/principesdeparis.es\/principes\/adu-ares-y-el-beluga\/\">Sigue leyendo<\/a><\/p>\n","protected":false},"author":2,"featured_media":16549,"comment_status":"open","ping_status":"open","sticky":false,"template":"","format":"standard","meta":{"footnotes":""},"categories":[13,1],"tags":[],"class_list":["post-16548","post","type-post","status-publish","format-standard","has-post-thumbnail","hentry","category-publicidad","category-real-zaragoza"],"_links":{"self":[{"href":"https:\/\/principesdeparis.es\/principes\/wp-json\/wp\/v2\/posts\/16548","targetHints":{"allow":["GET"]}}],"collection":[{"href":"https:\/\/principesdeparis.es\/principes\/wp-json\/wp\/v2\/posts"}],"about":[{"href":"https:\/\/principesdeparis.es\/principes\/wp-json\/wp\/v2\/types\/post"}],"author":[{"embeddable":true,"href":"https:\/\/principesdeparis.es\/principes\/wp-json\/wp\/v2\/users\/2"}],"replies":[{"embeddable":true,"href":"https:\/\/principesdeparis.es\/principes\/wp-json\/wp\/v2\/comments?post=16548"}],"version-history":[{"count":6,"href":"https:\/\/principesdeparis.es\/principes\/wp-json\/wp\/v2\/posts\/16548\/revisions"}],"predecessor-version":[{"id":16555,"href":"https:\/\/principesdeparis.es\/principes\/wp-json\/wp\/v2\/posts\/16548\/revisions\/16555"}],"wp:featuredmedia":[{"embeddable":true,"href":"https:\/\/principesdeparis.es\/principes\/wp-json\/wp\/v2\/media\/16549"}],"wp:attachment":[{"href":"https:\/\/principesdeparis.es\/principes\/wp-json\/wp\/v2\/media?parent=16548"}],"wp:term":[{"taxonomy":"category","embeddable":true,"href":"https:\/\/principesdeparis.es\/principes\/wp-json\/wp\/v2\/categories?post=16548"},{"taxonomy":"post_tag","embeddable":true,"href":"https:\/\/principesdeparis.es\/principes\/wp-json\/wp\/v2\/tags?post=16548"}],"curies":[{"name":"wp","href":"https:\/\/api.w.org\/{rel}","templated":true}]}}