{"id":16556,"date":"2024-09-21T17:59:08","date_gmt":"2024-09-21T17:59:08","guid":{"rendered":"https:\/\/principesdeparis.es\/principes\/?p=16556"},"modified":"2024-09-21T18:24:45","modified_gmt":"2024-09-21T18:24:45","slug":"francho-unica-novedad-en-el-real-zaragoza","status":"publish","type":"post","link":"https:\/\/principesdeparis.es\/principes\/francho-unica-novedad-en-el-real-zaragoza\/","title":{"rendered":"Francho, \u00fanica novedad en el Real Zaragoza"},"content":{"rendered":"<p>Francho Serrano se estrena en la la titularidad en lugar de Marc Aguado. Es la \u00fanica novedad que presenta el Real Zaragoza para enfrentarse esta noche al Levante en un equipo donde contin\u00faa Adu Ares, cuya mala actuaci\u00f3n en El Plant\u00edo le ha puesto en el ojo cr\u00edtico de la afici\u00f3n a la espera de que el vizca\u00edno eleve por mucho su nivel y su compromiso en su segunda presencia en la alineaci\u00f3n. El relevo que se produce en el eje de la medular, donde contin\u00faa Toni Moya, premia a un Francho que en las cuatro anteriores jornadas hab\u00eda comenzado en el banquillo, desde donde ha aportado dos goles, uno para dar la victoria en Cartagena y otro, el tercero, para cerrar el triunfo en casa frente al Elche. Deja as\u00ed V\u00edctor Fern\u00e1ndez esa zona en manos de dos interiores naturales para que sea Moya el m\u00e1s posicional de los dos, con el canterano algo m\u00e1s liberado para saltar en la presi\u00f3n y en la salida.<\/p>\n<p>Poussin se mantiene intocable en la porter\u00eda por m\u00e9ritos propios, al igual que todos los integrantes de una defensa donde se espera a Kosa, cuyo debut desde el inicio tendr\u00e1 que esperar por la confianza que el t\u00e9cnico ha depositado el Llu\u00eds L\u00f3pez y Vital. Con Calero y Tasende en los laterales, el conjunto aragon\u00e9s es el segundo equipo tras el Mirand\u00e9s que menos goles, tan s\u00f3lo dos, ha recibido en este arranque de campeonato, lo que supone garant\u00eda suficiente para que el entrenador d\u00e9 la continuidad a toda la l\u00ednea de contenci\u00f3n.<\/p>\n<p>Como se esperaba, y m\u00e1s con un c\u00e9sped que ir\u00e1 ganando pesadez con los minutos por las intensas lluvias que han ca\u00eddo en Zaragoza, se ha reservado a los dos futbolistas que regresaban a una citaci\u00f3n tras superar sus lesiones, Femen\u00edas y Aketxe, y al serbio Bazdar, que apenas se ha ejercitado esta semana como consecuencia de una sobrecarga muscular. El jugador descartado de los 24 convocados ha sido Ac\u00edn para un encuentro que devuelve al equipo a su estadio para rehacerse de la primera derrota de la temporada en Burgos y aproximarse m\u00e1s a la cabeza de la clasificaci\u00f3n. El pulso ante el l\u00edder es la cita m\u00e1s complicada hasta el momento, un rival que presenta dos novedades, la de Dela en defensa y Kochorashvili en el centro del campo.<\/p>\n<p><strong>La alineaci\u00f3n del Levante<\/strong><\/p>\n<blockquote class=\"twitter-tweet\">\n<p dir=\"ltr\" lang=\"es\">ALINEACI\u00d3N |<\/p>\n<p>Nuestros once granotes &#x1f438;&#x2694;&#xfe0f;<a href=\"https:\/\/twitter.com\/hashtag\/RealZaragozaLevante?src=hash&amp;ref_src=twsrc%5Etfw\">#RealZaragozaLevante<\/a> &#x1f51b; <a href=\"https:\/\/t.co\/gcomr0cn7F\">pic.twitter.com\/gcomr0cn7F<\/a><\/p>\n<p>\u2014 Levante UD (@LevanteUD) <a href=\"https:\/\/twitter.com\/LevanteUD\/status\/1837552445695590516?ref_src=twsrc%5Etfw\">September 21, 2024<\/a><\/p><\/blockquote>\n<p><script async src=\"https:\/\/platform.twitter.com\/widgets.js\" charset=\"utf-8\"><\/script><\/p>\n","protected":false},"excerpt":{"rendered":"<p>Francho Serrano se estrena en la la titularidad en lugar de Marc Aguado. Es la \u00fanica novedad que presenta el Real Zaragoza para enfrentarse esta noche al Levante en un equipo donde contin\u00faa Adu Ares, cuya mala actuaci\u00f3n en El Plant\u00edo le ha puesto en el ojo cr\u00edtico de la <a class=\"read-more\" href=\"https:\/\/principesdeparis.es\/principes\/francho-unica-novedad-en-el-real-zaragoza\/\">Sigue leyendo<\/a><\/p>\n","protected":false},"author":2,"featured_media":16557,"comment_status":"open","ping_status":"open","sticky":false,"template":"","format":"standard","meta":{"footnotes":""},"categories":[13,1],"tags":[],"class_list":["post-16556","post","type-post","status-publish","format-standard","has-post-thumbnail","hentry","category-publicidad","category-real-zaragoza"],"_links":{"self":[{"href":"https:\/\/principesdeparis.es\/principes\/wp-json\/wp\/v2\/posts\/16556","targetHints":{"allow":["GET"]}}],"collection":[{"href":"https:\/\/principesdeparis.es\/principes\/wp-json\/wp\/v2\/posts"}],"about":[{"href":"https:\/\/principesdeparis.es\/principes\/wp-json\/wp\/v2\/types\/post"}],"author":[{"embeddable":true,"href":"https:\/\/principesdeparis.es\/principes\/wp-json\/wp\/v2\/users\/2"}],"replies":[{"embeddable":true,"href":"https:\/\/principesdeparis.es\/principes\/wp-json\/wp\/v2\/comments?post=16556"}],"version-history":[{"count":11,"href":"https:\/\/principesdeparis.es\/principes\/wp-json\/wp\/v2\/posts\/16556\/revisions"}],"predecessor-version":[{"id":16568,"href":"https:\/\/principesdeparis.es\/principes\/wp-json\/wp\/v2\/posts\/16556\/revisions\/16568"}],"wp:featuredmedia":[{"embeddable":true,"href":"https:\/\/principesdeparis.es\/principes\/wp-json\/wp\/v2\/media\/16557"}],"wp:attachment":[{"href":"https:\/\/principesdeparis.es\/principes\/wp-json\/wp\/v2\/media?parent=16556"}],"wp:term":[{"taxonomy":"category","embeddable":true,"href":"https:\/\/principesdeparis.es\/principes\/wp-json\/wp\/v2\/categories?post=16556"},{"taxonomy":"post_tag","embeddable":true,"href":"https:\/\/principesdeparis.es\/principes\/wp-json\/wp\/v2\/tags?post=16556"}],"curies":[{"name":"wp","href":"https:\/\/api.w.org\/{rel}","templated":true}]}}