{"id":16597,"date":"2024-09-26T07:43:39","date_gmt":"2024-09-26T07:43:39","guid":{"rendered":"https:\/\/principesdeparis.es\/principes\/?p=16597"},"modified":"2024-09-26T07:43:39","modified_gmt":"2024-09-26T07:43:39","slug":"los-equilibrios-y-el-zaragocismo","status":"publish","type":"post","link":"https:\/\/principesdeparis.es\/principes\/los-equilibrios-y-el-zaragocismo\/","title":{"rendered":"Los equilibrios y el zaragocismo"},"content":{"rendered":"<p>Jugar en la Romareda vuelve a ser intenso. Con el derribo de la grada sur, el cambio del c\u00e9sped, debutar despu\u00e9s de las tres primeras jornadas por las obras y el cansancio que supone sumar ya doce temporadas consecutivas en Segunda Divisi\u00f3n. Y las dudas que se abren cada vez que Javier Tebas habla del Real Zaragoza o las actuaciones arbitrales que vemos con la asistencia de los jueces adjuntos en la Sala VOR. Se dispara a puerta, se aguanta la calidad de los jugadores de los mejores equipos de la categor\u00eda, la defensa se mantiene firme con un renacido portero y se marcan goles. Espectaculares la mayor\u00eda de ellos.<\/p>\n<p>V\u00edctor Fern\u00e1ndez ha logrado un equilibrio con los directivos del club y, como ya he dicho, la relaci\u00f3n entre Fernando L\u00f3pez y Juan Carlos Cordero parece s\u00f3lida pese a las diferencias que puedan haber tenido para cerrar como quer\u00eda el entrenador la plantilla. Eso s\u00ed, existe un f\u00e9rreo control con las declaraciones del entrenador, el director deportivo y el director general. Est\u00e1 claro que el jefe de la plantilla se ha tomado libertades, el muy pillo, en sus apariciones en p\u00fablico. Maneja con destreza la expresi\u00f3n no verbal y sabe tomarse unos segundos de respiro si la pregunta es complicada. Tiene una formidable experiencia despu\u00e9s de cuatro \u00e9pocas con diferentes propietarios y la afici\u00f3n ya le conoce, no quiere a otro en esta nueva opci\u00f3n de luchar por la promoci\u00f3n o el ascenso directo.<\/p>\n<p>El f\u00fatbol es tan cruel como la vida misma y el recuerdo suele reportar nostalgia y des\u00e1nimo cuando se lleva tanto tiempo en Segunda Divisi\u00f3n, siendo ya excluidos de los diez mejores clubes de la historia balomp\u00e9dica espa\u00f1ola pese a la Recopa, la Copa de Ferias, las seis Copas del Rey y la Supercopa de Espa\u00f1a. Consiste en no dejarse llevar por las diferencias internas de esta sociedad an\u00f3nima deportiva donde algunos han bajado de escalaf\u00f3n y otros han subido; aunque \u00e9stos \u00faltimos, llegados de fuera, deber\u00edan empaparse mucho m\u00e1s del zaragocismo y preguntar a los que sabemos de este club, de esta tierra y de nuestra historia.<\/p>\n","protected":false},"excerpt":{"rendered":"<p>Jugar en la Romareda vuelve a ser intenso. Con el derribo de la grada sur, el cambio del c\u00e9sped, debutar despu\u00e9s de las tres primeras jornadas por las obras y el cansancio que supone sumar ya doce temporadas consecutivas en Segunda Divisi\u00f3n. Y las dudas que se abren cada vez <a class=\"read-more\" href=\"https:\/\/principesdeparis.es\/principes\/los-equilibrios-y-el-zaragocismo\/\">Sigue leyendo<\/a><\/p>\n","protected":false},"author":3,"featured_media":16055,"comment_status":"open","ping_status":"open","sticky":false,"template":"","format":"standard","meta":{"footnotes":""},"categories":[16,13],"tags":[],"class_list":["post-16597","post","type-post","status-publish","format-standard","has-post-thumbnail","hentry","category-el10","category-publicidad"],"_links":{"self":[{"href":"https:\/\/principesdeparis.es\/principes\/wp-json\/wp\/v2\/posts\/16597","targetHints":{"allow":["GET"]}}],"collection":[{"href":"https:\/\/principesdeparis.es\/principes\/wp-json\/wp\/v2\/posts"}],"about":[{"href":"https:\/\/principesdeparis.es\/principes\/wp-json\/wp\/v2\/types\/post"}],"author":[{"embeddable":true,"href":"https:\/\/principesdeparis.es\/principes\/wp-json\/wp\/v2\/users\/3"}],"replies":[{"embeddable":true,"href":"https:\/\/principesdeparis.es\/principes\/wp-json\/wp\/v2\/comments?post=16597"}],"version-history":[{"count":1,"href":"https:\/\/principesdeparis.es\/principes\/wp-json\/wp\/v2\/posts\/16597\/revisions"}],"predecessor-version":[{"id":16598,"href":"https:\/\/principesdeparis.es\/principes\/wp-json\/wp\/v2\/posts\/16597\/revisions\/16598"}],"wp:featuredmedia":[{"embeddable":true,"href":"https:\/\/principesdeparis.es\/principes\/wp-json\/wp\/v2\/media\/16055"}],"wp:attachment":[{"href":"https:\/\/principesdeparis.es\/principes\/wp-json\/wp\/v2\/media?parent=16597"}],"wp:term":[{"taxonomy":"category","embeddable":true,"href":"https:\/\/principesdeparis.es\/principes\/wp-json\/wp\/v2\/categories?post=16597"},{"taxonomy":"post_tag","embeddable":true,"href":"https:\/\/principesdeparis.es\/principes\/wp-json\/wp\/v2\/tags?post=16597"}],"curies":[{"name":"wp","href":"https:\/\/api.w.org\/{rel}","templated":true}]}}