{"id":16606,"date":"2024-09-26T17:20:02","date_gmt":"2024-09-26T17:20:02","guid":{"rendered":"https:\/\/principesdeparis.es\/principes\/?p=16606"},"modified":"2024-09-26T17:20:16","modified_gmt":"2024-09-26T17:20:16","slug":"bazdar-y-aketxe-dos-riesgos-sin-sentido","status":"publish","type":"post","link":"https:\/\/principesdeparis.es\/principes\/bazdar-y-aketxe-dos-riesgos-sin-sentido\/","title":{"rendered":"Bazdar y Aketxe, dos riesgos sin sentido"},"content":{"rendered":"<p style=\"text-align: center;\"><em><strong>V\u00edctor Fern\u00e1ndez confirma que el serbio y el vasco no est\u00e1n para 90 minutos, pero que le compensa lo que puedan aportar para equilibrar el equipo durante los partidos<\/strong><\/em><\/p>\n<p>A V\u00edctor Fern\u00e1ndez le sali\u00f3 redonda la apuesta por Bazdar contra el Levante. El serbio arrastraba una sobrecarga en el aductor y le reserv\u00f3 de inicio, pero en el minuto 68 entr\u00f3 por Sober\u00f3n con el empate en el marcador. El serbio se fabric\u00f3 un gol magistral y dio la victoria y el liderato a su equipo. Aketxe tambi\u00e9n comenz\u00f3 el encuentro sentado en el banquillo despu\u00e9s de cuatro partidos de baja por una lesi\u00f3n muscular en el cu\u00e1driceps, producto de una p\u00e9sima gesti\u00f3n de su estado f\u00edsico, a\u00fan sin madurar tras una pretemporada corta y de unos innecesarios minutos en el debut de Liga en Mirandilla. El vizca\u00edno entr\u00f3 por Adu Ares y, adem\u00e1s de dejar detalles de su calidad, estrell\u00f3 un bal\u00f3n en el poste como aperitivo de su gran especialidad, las faltas directas. La conclusi\u00f3n directamente relacionada con el resultado es que el entrenador acert\u00f3 de pleno, pero asumi\u00f3 riesgos muy elevados con un par de futbolistas importantes en el proyecto que no est\u00e1n en las condiciones adecuadas para competir al cien por cien.<\/p>\n<p>\u00ab\u00bfBazdar est\u00e1 para 90 minutos? No lo s\u00e9. \u00bfAketxe est\u00e1 para 90 minutos? Tengo dudas. Objetivamente, no lo creo\u00bb. Ambos volver\u00e1n a entrar en la citaci\u00f3n para el encuentro frente al Sporting entre los propios interrogantes descritos por el t\u00e9cnico, que para justificar sus presencias alude a que existen distintos roles que han de interpretar los futbolistas seg\u00fan su estado de forma para hallar el equilibrio adecuado en cada momento de un partido. Esta teor\u00eda hiperb\u00f3lica se traduce en que, pese a no a hallarse bien, los considera de m\u00e1ximo valor y prefiere tenerlos a su lado una vez m\u00e1s por si tuviera que recurrir a ellos. Todo apunta a que ser\u00e1n reservas y a que volver\u00e1n a jugar en caso de emergencia. Es decir que ser\u00e1n expuestos al peligro de las reca\u00eddas de sus dolencias sin resolver o reci\u00e9n superadas. Si uno u otro, o los dos, participan directamente en un hipot\u00e9tico triunfo, la jugada del entrenador ser\u00e1 calificada de maestra. No todo es tan simple aunque lo parezca.<\/p>\n<p>V\u00edctor Fern\u00e1ndez nunca se ha caracterizado por su paciencia con las altas m\u00e9dicas de sus futbolistas fetiche, a quienes reclama lo antes posible. En su caso, la b\u00fasqueda de esa armon\u00eda administrada que predica se reduce a una visi\u00f3n cortoplacista, al deseo de disponer de los que considera los mejores aunque sea durante un pasaje de los partidos. El contexto, con apenas seis jornadas disputadas y con el Real Zaragoza en la parte alta de la clasificaci\u00f3n, es el id\u00f3neo para que se imponga la sensatez en un asunto tan delicado como la salud de dos integrantes principales de la plantilla. \u00bfSe asegura la victoria en El Molin\u00f3n con Bazdar y Aketxe de revulsivos? \u00bfMerecen la pena los tres puntos si alguno sale lesionado? \u00abObjetivamente no creo que est\u00e9n para 90 minutos\u00bb. Si alguien no est\u00e1 para 90 minutos, no est\u00e1 para 30 en los que debe emplearse con la explosividad de 90 y m\u00e1s en esta categor\u00eda donde la calidad no avala el miramiento con los esfuerzos. Otro escenario ser\u00eda hallarse a las puertas de un objetivo, donde habr\u00eda que evaluar y seguramente aprobar esos riesgos que ahora mismo carecen de sentido alguno.<\/p>\n","protected":false},"excerpt":{"rendered":"<p>V\u00edctor Fern\u00e1ndez confirma que el serbio y el vasco no est\u00e1n para 90 minutos, pero que le compensa lo que puedan aportar para equilibrar el equipo durante los partidos A V\u00edctor Fern\u00e1ndez le sali\u00f3 redonda la apuesta por Bazdar contra el Levante. El serbio arrastraba una sobrecarga en el aductor <a class=\"read-more\" href=\"https:\/\/principesdeparis.es\/principes\/bazdar-y-aketxe-dos-riesgos-sin-sentido\/\">Sigue leyendo<\/a><\/p>\n","protected":false},"author":2,"featured_media":16608,"comment_status":"open","ping_status":"open","sticky":false,"template":"","format":"standard","meta":{"footnotes":""},"categories":[13,1],"tags":[],"class_list":["post-16606","post","type-post","status-publish","format-standard","has-post-thumbnail","hentry","category-publicidad","category-real-zaragoza"],"_links":{"self":[{"href":"https:\/\/principesdeparis.es\/principes\/wp-json\/wp\/v2\/posts\/16606","targetHints":{"allow":["GET"]}}],"collection":[{"href":"https:\/\/principesdeparis.es\/principes\/wp-json\/wp\/v2\/posts"}],"about":[{"href":"https:\/\/principesdeparis.es\/principes\/wp-json\/wp\/v2\/types\/post"}],"author":[{"embeddable":true,"href":"https:\/\/principesdeparis.es\/principes\/wp-json\/wp\/v2\/users\/2"}],"replies":[{"embeddable":true,"href":"https:\/\/principesdeparis.es\/principes\/wp-json\/wp\/v2\/comments?post=16606"}],"version-history":[{"count":1,"href":"https:\/\/principesdeparis.es\/principes\/wp-json\/wp\/v2\/posts\/16606\/revisions"}],"predecessor-version":[{"id":16607,"href":"https:\/\/principesdeparis.es\/principes\/wp-json\/wp\/v2\/posts\/16606\/revisions\/16607"}],"wp:featuredmedia":[{"embeddable":true,"href":"https:\/\/principesdeparis.es\/principes\/wp-json\/wp\/v2\/media\/16608"}],"wp:attachment":[{"href":"https:\/\/principesdeparis.es\/principes\/wp-json\/wp\/v2\/media?parent=16606"}],"wp:term":[{"taxonomy":"category","embeddable":true,"href":"https:\/\/principesdeparis.es\/principes\/wp-json\/wp\/v2\/categories?post=16606"},{"taxonomy":"post_tag","embeddable":true,"href":"https:\/\/principesdeparis.es\/principes\/wp-json\/wp\/v2\/tags?post=16606"}],"curies":[{"name":"wp","href":"https:\/\/api.w.org\/{rel}","templated":true}]}}