{"id":16614,"date":"2024-09-28T15:39:33","date_gmt":"2024-09-28T15:39:33","guid":{"rendered":"https:\/\/principesdeparis.es\/principes\/?p=16614"},"modified":"2024-09-28T16:18:15","modified_gmt":"2024-09-28T16:18:15","slug":"victor-reune-en-el-once-a-aketxe-y-bazdar-y-da-la-titularidad-a-clemente","status":"publish","type":"post","link":"https:\/\/principesdeparis.es\/principes\/victor-reune-en-el-once-a-aketxe-y-bazdar-y-da-la-titularidad-a-clemente\/","title":{"rendered":"V\u00edctor re\u00fane a Aketxe y Bazdar, sienta a Sober\u00f3n y da la titularidad a Clemente"},"content":{"rendered":"<p>V\u00edctor Fern\u00e1ndez no ha esperado m\u00e1s. Los tuvo a su lado en el banquillo contra el Levante para introducirles con \u00e9xito en la segunda parte porque f\u00edsicamente no estaban al cien por cien, pero en El Molin\u00f3n, Aketxe y Bazdar, autor del gol del triunfo frente al Levante, saldr\u00e1n desde el principio en la que supone la primera titularidad del vizca\u00edno. Clemente tambi\u00e9n se estrena en el once en lugar de Tasende, a quien sustituy\u00f3 hace una semana por un esguince del lateral. Tres cambios por lo tanto en el conjunto aragon\u00e9s con respecto al triunfo contra los granotas, un equipo donde sorprende la ausencia de Mario Sober\u00f3n, pichichi con cinco tantos. El otro damnificado por decisi\u00f3n t\u00e9cnica es Adu Ares. El extremo vizca\u00edno no ha aprovechado sus dos oportunidades, ni en Anduva ni en la anterior jornada, para asentarse en un un lugar que parec\u00eda reservado para \u00e9l y que hoy ocjupar\u00e1 a Kaketxe despu\u00e9s de varios experimentos en el carril derecho con Bermejo, Liso e incluso Luna durante algunos minutos.<\/p>\n<p>El Real Zaragoza reafirma su identidad de grupo con perfil ofensivo &#8211;con once dianas es el m\u00e1ximo realizador de la categor\u00eda&#8211; con la confecci\u00f3n de un once con dos delanteros, Bazdar y Mar\u00ed, y Liso y Aketxe en los costados, donde el vasco tender\u00e1 a mezclarse por dentro ya que no se caracteriza por su profundidad sino por su capacidad para asociarse y por un poderoso disparo de media distancia. Atr\u00e1s repiten los de siempre con el aval de haber recibido tan s\u00f3lo tres tantos y en el doble pivote se mantienen Moya y Francho, que relevaron al lesionado Keidi Bare y a Marc Aguado dejando un alto rendimiento. El Real Zaragoza busca tres puntos para defender, como l\u00edder o segundo, la plaza de posici\u00f3n de ascenso que ha tenido al final de cinco de los seis encuentros que ha disputado.<\/p>\n<p>De fondo, el regreso de Poussin al estadio donde cometi\u00f3 el error m\u00e1s grave de su carrera. una pifia de atenci\u00f3n que el portero ha cargado sobre sus hombros y que le tuvo en la lista de descartes la mayor parte del verano. Frenada su salida por cuestiones de estrategia financiera, sus actuaciones m\u00e1s que correctas y notables desde la lesi\u00f3n de Femen\u00edas en Mirandilla le han permitido saltar de villano a h\u00e9roe en un puesto donde los errores condenan con crudeza sean m\u00e1s o menos escandalosos. El caso Bermejo tambi\u00e9n ocupa un lugar en las bambalinas del encuentro. El centrocampista fue cedido al Sporting, pero en el reconocimiento\u00a0 m\u00e9dico detectaron que uno de los meniscos de sus rodillas no estaba bien y antes de asumir de riego lo enviaron de vuelta a Zaragoza. La meniscopat\u00eda del centrocampista no le inhabilita para jugar, pero la posibilidad de que la articulaci\u00f3n se bloquee en un futuro es un riesgo manifiesto<\/p>\n<p><strong>Partidos finalizados<\/strong><\/p>\n<p>Albacete. 2; Deportivo 5<\/p>\n<p>Mirand\u00e9s, 1; Huesca 0<\/p>\n<p>C\u00e1diz 1-Eldense, 2<\/p>\n<p><strong>La alineaci\u00f3n del Sporting<\/strong><\/p>\n<p>Rub\u00e9n Alves s\u00f3lo introduce una variaci\u00f3n con respecto al once inicial de Tenerife. Otero entra en punta por Caicedo. El colombiano hab\u00eda sido titular en los cinco primeros partidos pero parti\u00f3 desde la reserva en la visita de los asturianos a la isla, de donde sacaron un punto (1-1). El Sporting tan s\u00f3lo ha ganado un partido en este arranque de campeonato, y lo hizo con contundencia en el derbi asturiano contra el Real Oviedo en El Molin\u00f3n (3-1).<\/p>\n<blockquote class=\"twitter-tweet\">\n<p dir=\"ltr\" lang=\"fr\">&#x1f30a; &#x1f534;&#x26aa; El once. <a href=\"https:\/\/twitter.com\/hashtag\/RealSportingRealZaragoza?src=hash&amp;ref_src=twsrc%5Etfw\">#RealSportingRealZaragoza<\/a> <a href=\"https:\/\/twitter.com\/hashtag\/LALIGAHYPERMOTION?src=hash&amp;ref_src=twsrc%5Etfw\">#LALIGAHYPERMOTION<\/a> <a href=\"https:\/\/t.co\/CS2xt71aFD\">pic.twitter.com\/CS2xt71aFD<\/a><\/p>\n<p>\u2014 Real Sporting (@RealSporting) <a href=\"https:\/\/twitter.com\/RealSporting\/status\/1840047709476024808?ref_src=twsrc%5Etfw\">September 28, 2024<\/a><\/p><\/blockquote>\n<p><script async src=\"https:\/\/platform.twitter.com\/widgets.js\" charset=\"utf-8\"><\/script><\/p>\n","protected":false},"excerpt":{"rendered":"<p>V\u00edctor Fern\u00e1ndez no ha esperado m\u00e1s. Los tuvo a su lado en el banquillo contra el Levante para introducirles con \u00e9xito en la segunda parte porque f\u00edsicamente no estaban al cien por cien, pero en El Molin\u00f3n, Aketxe y Bazdar, autor del gol del triunfo frente al Levante, saldr\u00e1n desde <a class=\"read-more\" href=\"https:\/\/principesdeparis.es\/principes\/victor-reune-en-el-once-a-aketxe-y-bazdar-y-da-la-titularidad-a-clemente\/\">Sigue leyendo<\/a><\/p>\n","protected":false},"author":2,"featured_media":16618,"comment_status":"open","ping_status":"open","sticky":false,"template":"","format":"standard","meta":{"footnotes":""},"categories":[13,1],"tags":[],"class_list":["post-16614","post","type-post","status-publish","format-standard","has-post-thumbnail","hentry","category-publicidad","category-real-zaragoza"],"_links":{"self":[{"href":"https:\/\/principesdeparis.es\/principes\/wp-json\/wp\/v2\/posts\/16614","targetHints":{"allow":["GET"]}}],"collection":[{"href":"https:\/\/principesdeparis.es\/principes\/wp-json\/wp\/v2\/posts"}],"about":[{"href":"https:\/\/principesdeparis.es\/principes\/wp-json\/wp\/v2\/types\/post"}],"author":[{"embeddable":true,"href":"https:\/\/principesdeparis.es\/principes\/wp-json\/wp\/v2\/users\/2"}],"replies":[{"embeddable":true,"href":"https:\/\/principesdeparis.es\/principes\/wp-json\/wp\/v2\/comments?post=16614"}],"version-history":[{"count":15,"href":"https:\/\/principesdeparis.es\/principes\/wp-json\/wp\/v2\/posts\/16614\/revisions"}],"predecessor-version":[{"id":16631,"href":"https:\/\/principesdeparis.es\/principes\/wp-json\/wp\/v2\/posts\/16614\/revisions\/16631"}],"wp:featuredmedia":[{"embeddable":true,"href":"https:\/\/principesdeparis.es\/principes\/wp-json\/wp\/v2\/media\/16618"}],"wp:attachment":[{"href":"https:\/\/principesdeparis.es\/principes\/wp-json\/wp\/v2\/media?parent=16614"}],"wp:term":[{"taxonomy":"category","embeddable":true,"href":"https:\/\/principesdeparis.es\/principes\/wp-json\/wp\/v2\/categories?post=16614"},{"taxonomy":"post_tag","embeddable":true,"href":"https:\/\/principesdeparis.es\/principes\/wp-json\/wp\/v2\/tags?post=16614"}],"curies":[{"name":"wp","href":"https:\/\/api.w.org\/{rel}","templated":true}]}}