{"id":16651,"date":"2024-09-30T10:53:22","date_gmt":"2024-09-30T10:53:22","guid":{"rendered":"https:\/\/principesdeparis.es\/principes\/?p=16651"},"modified":"2024-09-30T11:14:24","modified_gmt":"2024-09-30T11:14:24","slug":"toca-un-cambio-extremo","status":"publish","type":"post","link":"https:\/\/principesdeparis.es\/principes\/toca-un-cambio-extremo\/","title":{"rendered":"Toca un cambio &#8216;extremo&#8217;"},"content":{"rendered":"<p style=\"text-align: center;\"><em><strong>La falta de un jugador convincente por la derecha en un centro del campo quebradizo aconseja un un giro en el sistema o reforzar el actual en busca de un Real Zaragoza menos intr\u00e9pido en el dibujo pero m\u00e1s vinculado a sus prestaciones reales<\/strong><\/em><\/p>\n<p>La supuesta falta a Bazdar que utiliz\u00f3 V\u00edctor Fern\u00e1ndez en la rueda de prensa en El Molin\u00f3n para, con su habitual destreza, desviar la atenci\u00f3n de las verdaderas causas de la derrota, ha tenido cierto \u00e9xito, pero no el suficiente. El \u00e1rbitro, que no se\u00f1al\u00f3 infracci\u00f3n alguna en una acci\u00f3n en la que el serbio apenas recibi\u00f3 una caricia en ataque y que supuso el contragolpe que dio lugar al error de Clemente y al gol de los asturianos, ha sido zarandeado, pero al t\u00e9cnico no le ha servido para escapar a la cr\u00edtica de prescindir de principio de Sober\u00f3n, su mejor baza atacante, y tampoco a la falta de recursos para frenar la depresi\u00f3n de su equipo tras ese golpe. De quedarse solo esta semana en el foco de los juicios, los ha compartido con el colegiado. Si algo conserva dentro de su aura popular, es esa habilidad de hipnotizador a la que cada menos aficionados caen rendidos. Tambi\u00e9n ali\u00f1\u00f3 su reflexi\u00f3n con \u00ablos 27 minutos brillantes\u00bb de sus futbolistas, que s\u00f3lo llegaron a puerta con claridad en una carrera de Francho convertido en Fil\u00edpides.<\/p>\n<p>El Real Zaragoza regres\u00f3 de un nuevo desplazamiento sin ganar. Despu\u00e9s de las victorias en C\u00e1diz y Cartagena, se empat\u00f3 a duras penas en Anduva, se perdi\u00f3 en Burgos pese a Poussin y en Gij\u00f3n se hizo el harakiri antes y durante el encuentro. Sin marcar un gol y, sobre todo, con la percepci\u00f3n que el centro del campo se le destripa, mucho m\u00e1s desde la ausencia de Keidi Bare por lesi\u00f3n. V\u00edctor insiste en un 1-4-4-2 con extremos que, con el paso de las jornadas y las circunstancias, se ha descubierto vulnerable para defender y no tan afilado para atacar. La banda derecha hace que el sistema cojee por el descubrimiento de un Adu Ares decepcionante como jugador que aporte profundidad y regate. Tambi\u00e9n desconcertante por su flojera competitiva. Bermejo, Pau Sans, Liso y Luna en algunos minutos han pasado por esa sala de pruebas. El s\u00e1bado, el t\u00e9cnico meti\u00f3 con calzador en esa parcela a un Ager Aketxe todav\u00eda en fase de rodaje f\u00edsico sin que el ex del Eibar haya sido nunca un velocista ni un prodigio de los esfuerzos. Sus virtudes brotan por dentro y en su zurda.<\/p>\n<p>La medular es una u otra con o sin Bare y la desaparici\u00f3n de Aguado por decisi\u00f3n t\u00e9cnica tampoco ha tra\u00eddo grandes beneficios. Hasta que regrese el alban\u00e9s, el doble pivote con Francho y Moya mezcla bien y mal, una irregularidad inaceptable en una parcela esencial. Todo orbita alrededor de la descompensaci\u00f3n en la franja derecha, donde la mayor\u00eda de sus propietarios hasta el momento tiende a abandonarla para entrar en contacto con el bal\u00f3n y a ejercer funciones que no van con su naturaleza. Calero recibe pocas ayudas, y el lateral izquierdo, menos a\u00fan seg\u00fan se aprecia en la tendencia de los rivales a fustigarla. El coraz\u00f3n del equipo sufre, consolado por una defensa recia, adversarios poco atrevidos en La Romareda, y un portero que ha firmado la tregua con sus musas.<\/p>\n<p>Los resultados, en general, pueden calificarse de aceptables e incluso buenos, pero ese estado clasificatorio notable no disimula desequilibrios importantes, entre ellos que no hay tanto material para rotaciones, al menos mientras todos no est\u00e9n al cien por cien. Adu Ares, Bermejo, el invisible Gori, un Mar\u00ed muy tierno todav\u00eda, la nevera en la que va a entrar Clemente y la fe u utop\u00eda de que Nieto vuelva para ser \u00fatil&#8230; Y hay que descubrir a Kosa este fin de semana despu\u00e9s de que el mudable Llu\u00eds L\u00f3pez reclamara la tarjeta roja con una entrada pueril.<\/p>\n<p>La situaci\u00f3n actual, propiciada por la incapacidad para la contrataci\u00f3n de un mediocentro <em>africano<\/em>\u00a0en el mercado de verano, pide un bloque quiz\u00e1s menos afilado en el dibujo o d\u00e1ndole m\u00e1s grosor. En cualquier caso un giro que vincule al Real Zaragoza a sus prestaciones reales. El trivote es una opci\u00f3n con Aguado en el v\u00e9rtice defensivo y Francho y Moya sus flancos, configuraci\u00f3n muy exitosa al inicio de la temporada pasada, con Sober\u00f3n, Bazdar y Liso en una l\u00ednea ofensiva y flexible de tres. El 1-4-3-3 tendr\u00eda continuidad con el futuro retorno de Bare, con capacidades de volante de ida y vuelta y mas sustancia re\u00f1idora que Moya. Si V\u00edctor se decide por conservar su plan con Aketxe y dos puntas, el trabajo coral se ver\u00e1 afectado y el conjunto aragon\u00e9s continuar\u00e1 expuesto a las inspiraciones individuales, una apuesta atractiva y valiente aunque con boquetes muy peligrosos.<\/p>\n<p>El dilema est\u00e1 en jugar con o sin Aketxe, que ha sido fichado con sello diferencial. Parece una aberraci\u00f3n cuestionar la titularidad del vasco; no tanto mientras no tenga todos sus motores encendidos. La clave de un cambio necesario, sin embargo, se localiza en que Aguado, Bare (Moya) y Francho est\u00e9n siempre en las alineaciones, si hace falta con el canterano de interior. Es posible que La Romareda no sea el t\u00fanel del amor, pero en esta categor\u00eda los romances se escriben explotando con la mayor eficacia posible las herramientas de las que se dispone, no con las que se sue\u00f1a o a\u00f1ora. El proyecto se ha dise\u00f1ado para el ascenso, y en ese contexto de emergencia y exigencia. Sober\u00f3n est\u00e1 por delante de Bazdar y Mar\u00ed, y estrat\u00e9gicamente Francho no va por detr\u00e1s de Aketxe.<\/p>\n","protected":false},"excerpt":{"rendered":"<p>La falta de un jugador convincente por la derecha en un centro del campo quebradizo aconseja un un giro en el sistema o reforzar el actual en busca de un Real Zaragoza menos intr\u00e9pido en el dibujo pero m\u00e1s vinculado a sus prestaciones reales La supuesta falta a Bazdar que <a class=\"read-more\" href=\"https:\/\/principesdeparis.es\/principes\/toca-un-cambio-extremo\/\">Sigue leyendo<\/a><\/p>\n","protected":false},"author":2,"featured_media":16652,"comment_status":"open","ping_status":"open","sticky":false,"template":"","format":"standard","meta":{"footnotes":""},"categories":[13,1],"tags":[],"class_list":["post-16651","post","type-post","status-publish","format-standard","has-post-thumbnail","hentry","category-publicidad","category-real-zaragoza"],"_links":{"self":[{"href":"https:\/\/principesdeparis.es\/principes\/wp-json\/wp\/v2\/posts\/16651","targetHints":{"allow":["GET"]}}],"collection":[{"href":"https:\/\/principesdeparis.es\/principes\/wp-json\/wp\/v2\/posts"}],"about":[{"href":"https:\/\/principesdeparis.es\/principes\/wp-json\/wp\/v2\/types\/post"}],"author":[{"embeddable":true,"href":"https:\/\/principesdeparis.es\/principes\/wp-json\/wp\/v2\/users\/2"}],"replies":[{"embeddable":true,"href":"https:\/\/principesdeparis.es\/principes\/wp-json\/wp\/v2\/comments?post=16651"}],"version-history":[{"count":5,"href":"https:\/\/principesdeparis.es\/principes\/wp-json\/wp\/v2\/posts\/16651\/revisions"}],"predecessor-version":[{"id":16657,"href":"https:\/\/principesdeparis.es\/principes\/wp-json\/wp\/v2\/posts\/16651\/revisions\/16657"}],"wp:featuredmedia":[{"embeddable":true,"href":"https:\/\/principesdeparis.es\/principes\/wp-json\/wp\/v2\/media\/16652"}],"wp:attachment":[{"href":"https:\/\/principesdeparis.es\/principes\/wp-json\/wp\/v2\/media?parent=16651"}],"wp:term":[{"taxonomy":"category","embeddable":true,"href":"https:\/\/principesdeparis.es\/principes\/wp-json\/wp\/v2\/categories?post=16651"},{"taxonomy":"post_tag","embeddable":true,"href":"https:\/\/principesdeparis.es\/principes\/wp-json\/wp\/v2\/tags?post=16651"}],"curies":[{"name":"wp","href":"https:\/\/api.w.org\/{rel}","templated":true}]}}