{"id":16664,"date":"2024-10-03T16:32:04","date_gmt":"2024-10-03T16:32:04","guid":{"rendered":"https:\/\/principesdeparis.es\/principes\/?p=16664"},"modified":"2024-10-03T16:50:20","modified_gmt":"2024-10-03T16:50:20","slug":"victor-fernandez-y-su-aficion-metemierda","status":"publish","type":"post","link":"https:\/\/principesdeparis.es\/principes\/victor-fernandez-y-su-aficion-metemierda\/","title":{"rendered":"V\u00edctor Fern\u00e1ndez y su afici\u00f3n &#8216;metemierda&#8217;"},"content":{"rendered":"<p style=\"text-align: center;\"><em><strong>El t\u00e9cnico contesta al &#8216;caso Sober\u00f3n&#8217; con un tono de elevada soberbia hacia la prensa, que al igual que la mayor\u00eda de los zaragocistas se pregunt\u00f3 por la causa de la ausencia del goleador ante el Sporting<\/strong><\/em><\/p>\n<p>La ausencia de Mario Sober\u00f3n de la alineaci\u00f3n fue el tema central del partido frente al Sporting. Nada m\u00e1s conocerse el once y durante y despu\u00e9s del encuentro. Desde todos los frentes del zaragocismo, incluso lo m\u00e1s afines al t\u00e9cnico, se ha criticado que prescindiera del m\u00e1ximo goleador del equipo, una decisi\u00f3n que le pertenece y que fue muy desafortunada se mire a la hora que se mire, ajena por completo al reloj del oportunismo. En la rueda de prensa previa a la cita con el Racing, atac\u00f3 la pregunta sobre el caso con la contestaci\u00f3n muy preparada desde hace d\u00edas. \u00abNo lo puse por los mismos motivos que cuando lo pongo de titular, ganar. Es un jugador m\u00e1s. He le\u00eddo las declaraciones del jugador y ha dado una lecci\u00f3n de maestr\u00eda cuando ten\u00eda la oportunidad de generar mierda y meter l\u00edo. La prensa nunca le pregunt\u00e1is a un futbolista por qu\u00e9 es titular sino por qu\u00e9 no ha jugado. Parto con la ventaja de que a m\u00ed no me condiciona absolutamente nada ni nadie. Ni el runr\u00fan externo ni qu\u00e9 me dir\u00e1n si tomo una u otra decisi\u00f3n. Si sale bien nadie dice nada y sale mal est\u00e1s expuesto a que surja la duda\u00bb. La carga de soberbia ventajista calcin\u00f3 la atm\u00f3sfera y atent\u00f3 con el sacrosanto derecho a opinar de quienes pagan parte de su n\u00f3mina.<\/p>\n<p>La arrogante sugerencia a la prensa para que dirija sus consultas en otra direcci\u00f3n y su aplauso a las declaraciones de Sober\u00f3n \u00abpor no generar mierda ni meter l\u00edo\u00bb, denota una soberana ignorancia del papel de la prensa, que no es otro que el de hilo conductor entre los aficionados y el club. Este defecto le viene a V\u00edctor de f\u00e1brica porque desde su m\u00e1s tierna toma de contacto con el banquillo de La Romareda ha estado protegido primero por un grup\u00fasculo de periodistas cobradores de favores y luego, sin duda, por una final, dos t\u00edtulos y partidos inolvidables de la \u00faltima gran generaci\u00f3n de futbolistas del Real Zaragoza. Ese doble chaleco antibalas y su constantes referencias al f\u00fatbol espect\u00e1culo como si lo hubiese inventado hicieron que la gente le coronara para la eternidad. Un pelda\u00f1o m\u00e1s que a los propios protagonistas del Parque de los Pr\u00edncipes.<\/p>\n<p>Los felices inicios de los noventa del siglo XX dieron paso a tres etapas m\u00e1s en las que regres\u00f3 para ser campe\u00f3n de Liga con Agapito Iglesias, empresa que acab\u00f3 en Segunda con el equipo m\u00e1s caro de la historia, un despido con el cartel incumplido de &#8216;no volver\u00e9 m\u00e1s&#8217; colgado en la pechera de la dignidad y un par de vueltas al ruedo para intentar evitar el descenso y para recuperar el asiento en primera clase. Tras ser pandemia de la pandemia, ahora est\u00e1 de nuevo en el kil\u00f3metro cero, con el brillo de los trofeos alej\u00e1ndose de su figura pero con un similar encanto para el p\u00fablico en general y una jaur\u00eda heredera de la de sus inicios escolt\u00e1ndole d\u00eda y noche, bar y restaurante. Es un intocable, pero no tanto. Y la suplencia de Sober\u00f3n lo ha confirmado.<\/p>\n<p>Hay quien considera que no hablar bien de V\u00edctor Fern\u00e1ndez es ir contra el Real Zaragoza o el cobro de alguna venganza personal. No existe personaje deportivo en Arag\u00f3n sobre el que haya llovido m\u00e1s cantidad de elogios y alabanzas que este peculiar entrenador que surgi\u00f3 de la nada por obra y gracia de Jos\u00e9 \u00c1ngel Zalba. \u00abNi que los haya merecido menos\u00bb, dijo un capit\u00e1n y mito del equipo meses antes de comenzar la carrera hacia la gloria en el verano de 1994. Este club y esta ciudad no le deben nada, lo contrario, y su deber es ser lo m\u00e1s profesional posible y cumplir con el objetivo del ascenso que se ha marcado \u00e9l mismo como objetivo y recompensa cumbre de un ego que sobrepasa todos los l\u00edmites.<\/p>\n<p>El d\u00eda que Sober\u00f3n se puso ante el micr\u00f3fono, un redactor de el Peri\u00f3dico de Arag\u00f3n fue el \u00fanico que pregunt\u00f3 al delantero qu\u00e9 le hab\u00eda parecido no salir de principio siendo el pichichi con cinco tantos en seis jornadas, a lo que el futbolista se remiti\u00f3 a la decisi\u00f3n de su entrenador. Las cloacas de las redes sociales y sus roedores an\u00f3nimos se lanzaron a deg\u00fcello sobre el periodista <em>metemierda <\/em>sin que su propio medio, el resto de la profesi\u00f3n ni la Asociaci\u00f3n que la representa hayan salido en su defensa mientras los caniches de V\u00edctor le acosan desde hace tiempo con una persecuci\u00f3n deleznable.<\/p>\n<p>El entrenador ha salpicado gasolina sobre ese hoguera en la que se pretende castigar al periodista por ser un profesional, por trasladar al futbolista las inquietudes o curiosidad del zaragocismo, que por lo tanto formar\u00eda parte tambi\u00e9n del supuesto af\u00e1n <em>metemierda<\/em>\u00a0que orbita alrededor de su estrellato. Todos los imperios y sus caudillos, los pol\u00edticos y los econ\u00f3micos (m\u00e1s r\u00e1pido los catetos) terminan cayendo tarde o temprano. Con mayor celeridad en el f\u00fatbol. Esperemos que este llegue a su fin con el ascenso a Primera. Es la dulce condena que habr\u00e1 que pagar. Quiz\u00e1 tambi\u00e9n la de una estatua sin coraz\u00f3n en el coraz\u00f3n de la ciudad.<\/p>\n","protected":false},"excerpt":{"rendered":"<p>El t\u00e9cnico contesta al &#8216;caso Sober\u00f3n&#8217; con un tono de elevada soberbia hacia la prensa, que al igual que la mayor\u00eda de los zaragocistas se pregunt\u00f3 por la causa de la ausencia del goleador ante el Sporting La ausencia de Mario Sober\u00f3n de la alineaci\u00f3n fue el tema central del <a class=\"read-more\" href=\"https:\/\/principesdeparis.es\/principes\/victor-fernandez-y-su-aficion-metemierda\/\">Sigue leyendo<\/a><\/p>\n","protected":false},"author":2,"featured_media":16665,"comment_status":"open","ping_status":"open","sticky":false,"template":"","format":"standard","meta":{"footnotes":""},"categories":[13,1],"tags":[],"class_list":["post-16664","post","type-post","status-publish","format-standard","has-post-thumbnail","hentry","category-publicidad","category-real-zaragoza"],"_links":{"self":[{"href":"https:\/\/principesdeparis.es\/principes\/wp-json\/wp\/v2\/posts\/16664","targetHints":{"allow":["GET"]}}],"collection":[{"href":"https:\/\/principesdeparis.es\/principes\/wp-json\/wp\/v2\/posts"}],"about":[{"href":"https:\/\/principesdeparis.es\/principes\/wp-json\/wp\/v2\/types\/post"}],"author":[{"embeddable":true,"href":"https:\/\/principesdeparis.es\/principes\/wp-json\/wp\/v2\/users\/2"}],"replies":[{"embeddable":true,"href":"https:\/\/principesdeparis.es\/principes\/wp-json\/wp\/v2\/comments?post=16664"}],"version-history":[{"count":7,"href":"https:\/\/principesdeparis.es\/principes\/wp-json\/wp\/v2\/posts\/16664\/revisions"}],"predecessor-version":[{"id":16672,"href":"https:\/\/principesdeparis.es\/principes\/wp-json\/wp\/v2\/posts\/16664\/revisions\/16672"}],"wp:featuredmedia":[{"embeddable":true,"href":"https:\/\/principesdeparis.es\/principes\/wp-json\/wp\/v2\/media\/16665"}],"wp:attachment":[{"href":"https:\/\/principesdeparis.es\/principes\/wp-json\/wp\/v2\/media?parent=16664"}],"wp:term":[{"taxonomy":"category","embeddable":true,"href":"https:\/\/principesdeparis.es\/principes\/wp-json\/wp\/v2\/categories?post=16664"},{"taxonomy":"post_tag","embeddable":true,"href":"https:\/\/principesdeparis.es\/principes\/wp-json\/wp\/v2\/tags?post=16664"}],"curies":[{"name":"wp","href":"https:\/\/api.w.org\/{rel}","templated":true}]}}