{"id":16677,"date":"2024-10-05T15:35:41","date_gmt":"2024-10-05T15:35:41","guid":{"rendered":"https:\/\/principesdeparis.es\/principes\/?p=16677"},"modified":"2024-10-05T16:15:41","modified_gmt":"2024-10-05T16:15:41","slug":"regresa-soberon-y-tasende-y-debuta-kosa-sobre-un-cesped-deplorable","status":"publish","type":"post","link":"https:\/\/principesdeparis.es\/principes\/regresa-soberon-y-tasende-y-debuta-kosa-sobre-un-cesped-deplorable\/","title":{"rendered":"Regresan Sober\u00f3n y Tasende y debuta Kosa sobre un c\u00e9sped deplorable"},"content":{"rendered":"<p>V\u00edctor Fern\u00e1ndez ha recuperado a Mario Sober\u00f3n, el m\u00e1ximo artillero del equipo con cinco tantos, despu\u00e9s de sentarle en el banquillo de El Molin\u00f3n a favor de Mar\u00ed, decisi\u00f3n que encendi\u00f3 una pol\u00e9mica general tanto entre la afici\u00f3n como en los medios de comunicaci\u00f3n. El punta estar\u00e1 junto a Bazdar en un ataque en el que vuelven a repetir en las alas Liso y Aketxe, con el ya habitual doble pivote formado por Francho y Toni Moya. La gran novedad, provocada por las expulsiones de Llu\u00eds L\u00f3pez y Clemente en Gij\u00f3n, es el estreno en el once de Kosa, quien ya cont\u00f3 con algunos minutos en El Plant\u00edo. El eslovaco formar\u00e1 paraje con Vital, mientras que el otro futbolista que vuelve a la alineaci\u00f3n, Tasende, lo har\u00e1 en la lateral zurdo. En la porter\u00eda contin\u00faa Poussin avalado por su notable mes de septiembre, mientras que en el banquillo reaparecen Cristian \u00c1lvarez y Jair &#8211;adem\u00e1s de Pau Sans&#8211;,\u00a0 el defensa como consecuencia de la ausencia de centrales en una situaci\u00f3n personal muy singular despu\u00e9s de integrar la lista de descartados, negarse amablemente a salir de inicio en el Nuevo Mirandilla y ser reclamado por m\u00e1xima necesidad una vez recuperado de su problema en el ojo.<\/p>\n<p>El conjunto aragon\u00e9s viene de una derrota en Burgos y de sumar un solo punto en sus tres \u00faltimos desplazamientos, un rendimiento a la baja tras sus triunfos en C\u00e1diz y Cartagena que ha compensado con su firmeza en La Romareda, donde ha vencido sus dos encuentros ante Elche (3-0) y Levante (2-1). Pujar\u00e1 por tres puntos que le puedan devolver a la zona de ascenso directo, objetivo que tambi\u00e9n persigue un Racing que cuenta por victorias todos sus partidos lejos de El Sardinero: Oviedo (1-3), Tenerife (0-1) y Castell\u00f3n (0-1) y que tiene en sus filas al m\u00e1ximo goleador de la categor\u00eda con seis dianas, Andr\u00e9s Mart\u00edn, cedido por el Rayo a un equipo muy bien armado con el mejor tejido ofensivo de la competici\u00f3n.<\/p>\n<p>Jos\u00e9 Alberto presenta dos novedades con respecto a su \u00faltimo partido y primera derrota de la campa\u00f1a ante el Cartagena: Sa\u00fal entra por Mario en el lateral izquierdo y Pablo Rodr\u00edguez ocupa el lugar de Jeremy, la joven promesa de la cantera del club c\u00e1ntabro. El pulso en el centro del campo asoma como empresa principal de los dos t\u00e9cnicos, V\u00edctor Fern\u00e1ndez para cortocircuitar la salvaje, elegante y vertical salida de los c\u00e1ntabros si superan la primera l\u00ednea de presi\u00f3n, y Jos\u00e9 Alberto para ratificar de mediocampo hacia arriba el Racing una superioridad con la que buscar\u00e1 el partido.<\/p>\n<p>&nbsp;<\/p>\n<p><strong>Alineaci\u00f3n del Racing<\/strong><\/p>\n<blockquote class=\"twitter-tweet\">\n<p dir=\"ltr\" lang=\"es\">&#x1f6a8; \u00a1Ya conocemos el once que presentar\u00e1 Jos\u00e9 Alberto de inicio hoy en La Romareda! <a href=\"https:\/\/twitter.com\/hashtag\/RealZaragozaRacing?src=hash&amp;ref_src=twsrc%5Etfw\">#RealZaragozaRacing<\/a> <a href=\"https:\/\/t.co\/OZHcGTPd5L\">pic.twitter.com\/OZHcGTPd5L<\/a><\/p>\n<p>\u2014 Real Racing Club (@realracingclub) <a href=\"https:\/\/twitter.com\/realracingclub\/status\/1842584591997305223?ref_src=twsrc%5Etfw\">October 5, 2024<\/a><\/p><\/blockquote>\n<p><script async src=\"https:\/\/platform.twitter.com\/widgets.js\" charset=\"utf-8\"><\/script><\/p>\n<p><strong>Un c\u00e9sped impresentable<\/strong><\/p>\n<p>La resiembra del nuevo c\u00e9sped para que soporte bajas temperaturas no ha llegado en condiciones para el encuentro de esta tarde frente al Racing. As\u00ed, La Romareda presenta un aspecto deplorable en algunas de sus zonas con la arena a la vista. El que se plant\u00f3 despu\u00e9s del concierto de Bunbury no garantizaba el buen estado del terreno de juego en invierno, y el domingo 22 de septiembre se procedi\u00f3 a la recolocaci\u00f3n de tapetes para que la hierba agarre bien en el futuro sin que haya sido posible llegar a este encuentro en las condiciones adecuadas para la pr\u00e1ctica del futbol.<\/p>\n<blockquote class=\"twitter-tweet\">\n<p dir=\"ltr\" lang=\"es\">&#x1f3df;&#xfe0f; \u00a1Ya estamos en La Romareda! <a href=\"https:\/\/twitter.com\/RealZaragoza?ref_src=twsrc%5Etfw\">@RealZaragoza<\/a> &#x1f44b; <a href=\"https:\/\/twitter.com\/hashtag\/RealZaragozaRacing?src=hash&amp;ref_src=twsrc%5Etfw\">#RealZaragozaRacing<\/a> <a href=\"https:\/\/t.co\/ZeLsQtVcSL\">pic.twitter.com\/ZeLsQtVcSL<\/a><\/p>\n<p>\u2014 Real Racing Club (@realracingclub) <a href=\"https:\/\/twitter.com\/realracingclub\/status\/1842583832559849516?ref_src=twsrc%5Etfw\">October 5, 2024<\/a><\/p><\/blockquote>\n<p><script async src=\"https:\/\/platform.twitter.com\/widgets.js\" charset=\"utf-8\"><\/script><\/p>\n","protected":false},"excerpt":{"rendered":"<p>V\u00edctor Fern\u00e1ndez ha recuperado a Mario Sober\u00f3n, el m\u00e1ximo artillero del equipo con cinco tantos, despu\u00e9s de sentarle en el banquillo de El Molin\u00f3n a favor de Mar\u00ed, decisi\u00f3n que encendi\u00f3 una pol\u00e9mica general tanto entre la afici\u00f3n como en los medios de comunicaci\u00f3n. El punta estar\u00e1 junto a Bazdar <a class=\"read-more\" href=\"https:\/\/principesdeparis.es\/principes\/regresa-soberon-y-tasende-y-debuta-kosa-sobre-un-cesped-deplorable\/\">Sigue leyendo<\/a><\/p>\n","protected":false},"author":2,"featured_media":16681,"comment_status":"open","ping_status":"open","sticky":false,"template":"","format":"standard","meta":{"footnotes":""},"categories":[13,1],"tags":[],"class_list":["post-16677","post","type-post","status-publish","format-standard","has-post-thumbnail","hentry","category-publicidad","category-real-zaragoza"],"_links":{"self":[{"href":"https:\/\/principesdeparis.es\/principes\/wp-json\/wp\/v2\/posts\/16677","targetHints":{"allow":["GET"]}}],"collection":[{"href":"https:\/\/principesdeparis.es\/principes\/wp-json\/wp\/v2\/posts"}],"about":[{"href":"https:\/\/principesdeparis.es\/principes\/wp-json\/wp\/v2\/types\/post"}],"author":[{"embeddable":true,"href":"https:\/\/principesdeparis.es\/principes\/wp-json\/wp\/v2\/users\/2"}],"replies":[{"embeddable":true,"href":"https:\/\/principesdeparis.es\/principes\/wp-json\/wp\/v2\/comments?post=16677"}],"version-history":[{"count":15,"href":"https:\/\/principesdeparis.es\/principes\/wp-json\/wp\/v2\/posts\/16677\/revisions"}],"predecessor-version":[{"id":16693,"href":"https:\/\/principesdeparis.es\/principes\/wp-json\/wp\/v2\/posts\/16677\/revisions\/16693"}],"wp:featuredmedia":[{"embeddable":true,"href":"https:\/\/principesdeparis.es\/principes\/wp-json\/wp\/v2\/media\/16681"}],"wp:attachment":[{"href":"https:\/\/principesdeparis.es\/principes\/wp-json\/wp\/v2\/media?parent=16677"}],"wp:term":[{"taxonomy":"category","embeddable":true,"href":"https:\/\/principesdeparis.es\/principes\/wp-json\/wp\/v2\/categories?post=16677"},{"taxonomy":"post_tag","embeddable":true,"href":"https:\/\/principesdeparis.es\/principes\/wp-json\/wp\/v2\/tags?post=16677"}],"curies":[{"name":"wp","href":"https:\/\/api.w.org\/{rel}","templated":true}]}}