{"id":16704,"date":"2024-10-07T10:23:53","date_gmt":"2024-10-07T10:23:53","guid":{"rendered":"https:\/\/principesdeparis.es\/principes\/?p=16704"},"modified":"2024-10-07T10:30:54","modified_gmt":"2024-10-07T10:30:54","slug":"el-cortijo-de-victor-fernandez","status":"publish","type":"post","link":"https:\/\/principesdeparis.es\/principes\/el-cortijo-de-victor-fernandez\/","title":{"rendered":"El cortijo de V\u00edctor Fern\u00e1ndez"},"content":{"rendered":"<p style=\"text-align: center;\"><em><strong>El t\u00e9cnico, sin m\u00e1s ofertas en las diez \u00faltimas temporadas que las del Real Zaragoza, ha hecho del equipo su particular veh\u00edculo para volver al para\u00edso de entrenador de Primera<\/strong><\/em><\/p>\n<p>V\u00edctor Fern\u00e1ndez quer\u00eda un Rolls Royce y el fondo de inversi\u00f3n le ha puesto un veh\u00edculo de sustituci\u00f3n, un equipo para pasar la temporada y, si el da el combustible, luchar por conseguir una plaza de playoff. Dijo que sin una plantilla de gama alta no se pondr\u00eda al volante, pero lo ha hecho, traicionando as\u00ed sus principios y convirti\u00e9ndose en un hombre de empresa de la propiedad y sobre todo de s\u00ed mismo. No sigue por un amor desmedido al club, ni por un zaragocismo militante por mucha l\u00e1grima que derrame este histri\u00f3n de manual. Posiblemente tampoco por dinero. Le seduce por encima de todas las cosas el reto de devolver al equipo a Primera, lo que le abrir\u00eda las puertas de la \u00e9lite, para\u00edso que no pisa desde el 8 de abril de 2015, cuando fue despido de un Deportivo de La Coru\u00f1a pr\u00f3ximo a los puestos de descenso. Por eso ha consentido en cumplir su contrato pese a que d\u00eda tras d\u00eda se encargue de recordar a su manera que no es el Real Zaragoza que hab\u00eda pactado. Su aval actual, ali\u00f1ado con su condici\u00f3n de h\u00e9roe local, era su capacidad de seducci\u00f3n ante los nuevos due\u00f1os para armar una plantilla poderosa, casi concluyente. Sin embargo tirar\u00e1 con lo que hay camino de la gloria de la mano del \u00fanico club que ha llamado a su puerta, o se la ha abierto despu\u00e9s de que aporreara con nudillos de terceros, en las diez \u00faltimas temporadas.<\/p>\n<p>\u00bfSer\u00e1 un hombre feliz por devolver al Real Zaragoza y a su ciudad natal a su espacio deportivo natural despu\u00e9s de 12 temporadas de exilio? S\u00ed. \u00bfSe sentir\u00e1 como Napole\u00f3n entrando en Par\u00eds desde su exilio en Elba? Que nadie lo dude. Despu\u00e9s de tres a\u00f1os de retiro, en 2018 la Fundaci\u00f3n recurri\u00f3 a su figura de tinte legendario para relevar a Alcaraz y evitar el desastre. En segundo intento, vivi\u00f3 su batalla de Waterloo con la pandemia como gran enemiga, cuando en realidad, admitido en medios de comunicaci\u00f3n por jugadores y personal del club, fue su absoluta desatenci\u00f3n a la forma de trabajar durante el confinamiento la causante de un desastre clamoroso: en posici\u00f3n de ascenso directo y a cinco puntos del tercero, el conjunto aragon\u00e9s retom\u00f3 la competici\u00f3n desnutrido para sumar siete derrotas, cinco de ellas en La Romareda, y tres victorias y un empate que le permitieron disputar la promoci\u00f3n con el Elche. Comenta que esa experiencia y la eliminaci\u00f3n le destrozaron, pero ya estaba grogui mucho antes, incapaz de revertir su error de c\u00e1lculo, en constante roce con Lalo Arantegui. En 2023, recuperado del trauma, se le encendieron de nuevo la motivaci\u00f3n y la necesidad de reencontrarse con los elogios que tanto le complacen. En un principio el club descart\u00f3 su vuelta, pero otra situaci\u00f3n de alerta y su siempre recurrente perfil de paraguas contra la revuelta social hizo que fuera el elegido para sustituir a Julio Vel\u00e1zquez. Gan\u00f3 sin mayor lustre los tres partidos necesarios para esquivar el descenso y tuvo tiempo para atizar a Juan Carlos Cordero, el director deportivo.<\/p>\n<p>Este verano se ha confirmado, aunque con matices porque el club tiene controles m\u00e1s firmes sobre las decisiones, que el Real Zaragoza es su cortijo. Un inicio sobresaliente y el liderato dispararon su cotizaci\u00f3n entre la hinchada: de nuevo en casa, querido, sobrealimentado por gran parte de la prensa y la enfermiza, interesada o desinformada adoraci\u00f3n que le profesa, V\u00edctor Fern\u00e1ndez sinti\u00f3 la brisa del \u00e9xito, aquel viejo y lejano compa\u00f1ero. Los \u00faltimos resultados, tres derrotas en cuatro partidos y la constataci\u00f3n de que la reconstrucci\u00f3n masiva se ha quedado corta e incompleta, han sido un serio aviso y la confirmaci\u00f3n de que el entrenador, desconocedor de las entra\u00f1as de esta categor\u00eda, piensa que su aura aut\u00f3crata y no Sober\u00f3n, por ejemplo, ser\u00e1 suficiente para alcanzar su objetivo. El Real Zaragoza juega el viernes contra el colista Tenerife. Si se gana, habr\u00e1 nuevas monter\u00edas en el rancho. Si se pierde, sus perros de caza lamer\u00e1n las heridas de su amo al fuego de un p\u00e9simo arbitraje, un campo en mal estado, los errores de un futbolista determinado o la oportunidad de rectificaci\u00f3n que ofrece el mercado de invierno. En un vestuario hu\u00e9rfano de jugadores clave hay material para perseguir el sue\u00f1o con los pies en la tierra, no en el latifundio vanidoso de un entrenador que contempla el Real Zaragoza como su \u00faltima oportunidad de reinar.<\/p>\n","protected":false},"excerpt":{"rendered":"<p>El t\u00e9cnico, sin m\u00e1s ofertas en las diez \u00faltimas temporadas que las del Real Zaragoza, ha hecho del equipo su particular veh\u00edculo para volver al para\u00edso de entrenador de Primera V\u00edctor Fern\u00e1ndez quer\u00eda un Rolls Royce y el fondo de inversi\u00f3n le ha puesto un veh\u00edculo de sustituci\u00f3n, un equipo <a class=\"read-more\" href=\"https:\/\/principesdeparis.es\/principes\/el-cortijo-de-victor-fernandez\/\">Sigue leyendo<\/a><\/p>\n","protected":false},"author":2,"featured_media":16705,"comment_status":"open","ping_status":"open","sticky":false,"template":"","format":"standard","meta":{"footnotes":""},"categories":[13,1],"tags":[],"class_list":["post-16704","post","type-post","status-publish","format-standard","has-post-thumbnail","hentry","category-publicidad","category-real-zaragoza"],"_links":{"self":[{"href":"https:\/\/principesdeparis.es\/principes\/wp-json\/wp\/v2\/posts\/16704","targetHints":{"allow":["GET"]}}],"collection":[{"href":"https:\/\/principesdeparis.es\/principes\/wp-json\/wp\/v2\/posts"}],"about":[{"href":"https:\/\/principesdeparis.es\/principes\/wp-json\/wp\/v2\/types\/post"}],"author":[{"embeddable":true,"href":"https:\/\/principesdeparis.es\/principes\/wp-json\/wp\/v2\/users\/2"}],"replies":[{"embeddable":true,"href":"https:\/\/principesdeparis.es\/principes\/wp-json\/wp\/v2\/comments?post=16704"}],"version-history":[{"count":2,"href":"https:\/\/principesdeparis.es\/principes\/wp-json\/wp\/v2\/posts\/16704\/revisions"}],"predecessor-version":[{"id":16709,"href":"https:\/\/principesdeparis.es\/principes\/wp-json\/wp\/v2\/posts\/16704\/revisions\/16709"}],"wp:featuredmedia":[{"embeddable":true,"href":"https:\/\/principesdeparis.es\/principes\/wp-json\/wp\/v2\/media\/16705"}],"wp:attachment":[{"href":"https:\/\/principesdeparis.es\/principes\/wp-json\/wp\/v2\/media?parent=16704"}],"wp:term":[{"taxonomy":"category","embeddable":true,"href":"https:\/\/principesdeparis.es\/principes\/wp-json\/wp\/v2\/categories?post=16704"},{"taxonomy":"post_tag","embeddable":true,"href":"https:\/\/principesdeparis.es\/principes\/wp-json\/wp\/v2\/tags?post=16704"}],"curies":[{"name":"wp","href":"https:\/\/api.w.org\/{rel}","templated":true}]}}