{"id":16714,"date":"2024-10-09T11:35:29","date_gmt":"2024-10-09T11:35:29","guid":{"rendered":"https:\/\/principesdeparis.es\/principes\/?p=16714"},"modified":"2024-10-09T13:35:22","modified_gmt":"2024-10-09T13:35:22","slug":"victor-fernandez-keidi-bare-esta-para-jugar","status":"publish","type":"post","link":"https:\/\/principesdeparis.es\/principes\/victor-fernandez-keidi-bare-esta-para-jugar\/","title":{"rendered":"V\u00edctor Fern\u00e1ndez: \u00abKeidi Bare est\u00e1 para jugar\u00bb"},"content":{"rendered":"<p>El t\u00e9cnico del Real Zaragoza ha confirmado que Keidi Bare se encuentra en condiciones de participar frente al Tenerife este pr\u00f3ximo viernes despu\u00e9s de hacer recibido el alta m\u00e9dica la pasada semana. \u00abS\u00ed, est\u00e1 para jugar. Est\u00e1 segunda semana ha trabajado con absoluta normalidad. Lo que no s\u00e9 a\u00fan es es el tiempo que participar\u00e1\u00bb. Con el alban\u00e9s se ganaron tres partidos y se empat\u00f3 uno. Sin \u00e9l, el equipo ha perdido tres y ha vencido en uno. Si baja, sin duda, afecta de una forma may\u00fascula a sus compa\u00f1eros y al juego. \u00abEs un futbolista que nos da cosas diferentes,. Experiencia, presi\u00f3n hacia arriba, mucho rigor, puede ser agrio agrio y competitivo y tiene capacidad para mejorar al resto\u00bb, apunta el entrenador.*Sin Keidi sobrevivimos, pero sobrevivimos peor\u00bb<\/p>\n<p>Se desconoce si V\u00edctor lo utilizar\u00e1 desde el principio en el Heliodoro Rodr\u00edguez, pero su vuelta supone un alivio para una medular que est\u00e1 sufriendo y que ha ca\u00eddo por completo en su eje desde que Bare entr\u00f3 en la enfermer\u00eda. Aguado, su pareja de baile, tambi\u00e9n ha desaparecido del once. \u00abPara m\u00ed, Marc es muy importante, indispensable, pero en este equipo no hay nadie imprescindible. Francho y Moya lo han hecho bien a nivel t\u00e9cnico-t\u00e1ctica en sustituci\u00f3n de ambos\u00bb. Sobre la derrota contra el Racing, el t\u00e9cnico considera que \u00aben el primer tiempo no jugamos. En eso hemos trabajado, en recuperar los h\u00e1bitos para ser un equipo competitivo y ganador\u00bb.<\/p>\n<p>Para Aketxe pide tiempo. \u00abVino la \u00faltima semana previa a la competici\u00f3n, sin nada de pretemporada y ya estuvo 25 minutos en C\u00e1diz. A la siguiente semana se lesion\u00f3. El tiempo le permitir\u00e1 coger a forma y adaptaci\u00f3n. Frente al Racing fue el futbolista el que m\u00e1s kil\u00f3metros hizo, que es en lo que no quiero que destaque. Es solidario y generoso, pero necesitamos que nos marque diferencias con la pelota. Tiene una calidad incuestionable\u00bb. De Gori, que todav\u00eda no se ha estrenado\u00bb, opina que \u00abmerece mucho m\u00e1s de lo que le he dado. Intento ser justos con todos pero es dif\u00edcil. Sus compa\u00f1eros del centro del campo han dado un nivel muy alto. Primero Keidi y Aguado y despu\u00e9s con la entrada de Francho y Moya. Lo importante es que no desfallezca y siga trabajando\u00bb.<\/p>\n<p>El Tenerife viene de ganar su primer partido con Pepe Mel. \u00abTengo la recuperaci\u00f3n de Bare, Llu\u00eds L\u00f3pez aunque perdamos a Kosa. Llegaremos en mejores condiciones f\u00edsicas. Necesitamos recuperar nuestro f\u00fatbol sea el rival que sea. Ellos tienen un buen equipo, nos han fichado al m\u00e1ximo goleador de nuestro equipo y disponen de argumentos para pensar en el ascenso. Pero nadie nos ha sometido, ni el Levante. No hay ning\u00fan equipo capaz de aplastarte en noventa minutos. El encuentro ser\u00e1 extraordinariamente igualado, pero debemos ser fieles a nuestras ideas y ser ambiciosos aun respetando al Tenerife. Debemos volver a la normalidad que henos perdido con estos dos \u00faltimos partidos\u00bb.<\/p>\n<p>En los cuatro \u00faltimos partidos \u00abhemos regalado mucho\u00bb, comenta el entrenador sobre los goles, seis, que se han recibido, rompiendo la red de seguridad de las primeras jornadas. \u00abEl primer gol contra el Sporting se lo facilitamos. Ante el Racing, sus dos primeros tantos son de dos saques de porter\u00eda nuestros. Nos han penalizado mucho esos fallos\u00bb.<\/p>\n","protected":false},"excerpt":{"rendered":"<p>El t\u00e9cnico del Real Zaragoza ha confirmado que Keidi Bare se encuentra en condiciones de participar frente al Tenerife este pr\u00f3ximo viernes despu\u00e9s de hacer recibido el alta m\u00e9dica la pasada semana. \u00abS\u00ed, est\u00e1 para jugar. Est\u00e1 segunda semana ha trabajado con absoluta normalidad. Lo que no s\u00e9 a\u00fan es <a class=\"read-more\" href=\"https:\/\/principesdeparis.es\/principes\/victor-fernandez-keidi-bare-esta-para-jugar\/\">Sigue leyendo<\/a><\/p>\n","protected":false},"author":2,"featured_media":16716,"comment_status":"open","ping_status":"open","sticky":false,"template":"","format":"standard","meta":{"footnotes":""},"categories":[13,1],"tags":[],"class_list":["post-16714","post","type-post","status-publish","format-standard","has-post-thumbnail","hentry","category-publicidad","category-real-zaragoza"],"_links":{"self":[{"href":"https:\/\/principesdeparis.es\/principes\/wp-json\/wp\/v2\/posts\/16714","targetHints":{"allow":["GET"]}}],"collection":[{"href":"https:\/\/principesdeparis.es\/principes\/wp-json\/wp\/v2\/posts"}],"about":[{"href":"https:\/\/principesdeparis.es\/principes\/wp-json\/wp\/v2\/types\/post"}],"author":[{"embeddable":true,"href":"https:\/\/principesdeparis.es\/principes\/wp-json\/wp\/v2\/users\/2"}],"replies":[{"embeddable":true,"href":"https:\/\/principesdeparis.es\/principes\/wp-json\/wp\/v2\/comments?post=16714"}],"version-history":[{"count":12,"href":"https:\/\/principesdeparis.es\/principes\/wp-json\/wp\/v2\/posts\/16714\/revisions"}],"predecessor-version":[{"id":16727,"href":"https:\/\/principesdeparis.es\/principes\/wp-json\/wp\/v2\/posts\/16714\/revisions\/16727"}],"wp:featuredmedia":[{"embeddable":true,"href":"https:\/\/principesdeparis.es\/principes\/wp-json\/wp\/v2\/media\/16716"}],"wp:attachment":[{"href":"https:\/\/principesdeparis.es\/principes\/wp-json\/wp\/v2\/media?parent=16714"}],"wp:term":[{"taxonomy":"category","embeddable":true,"href":"https:\/\/principesdeparis.es\/principes\/wp-json\/wp\/v2\/categories?post=16714"},{"taxonomy":"post_tag","embeddable":true,"href":"https:\/\/principesdeparis.es\/principes\/wp-json\/wp\/v2\/tags?post=16714"}],"curies":[{"name":"wp","href":"https:\/\/api.w.org\/{rel}","templated":true}]}}