{"id":16728,"date":"2024-10-10T08:37:25","date_gmt":"2024-10-10T08:37:25","guid":{"rendered":"https:\/\/principesdeparis.es\/principes\/?p=16728"},"modified":"2024-10-10T08:37:25","modified_gmt":"2024-10-10T08:37:25","slug":"desvinculandome-de-la-realidad","status":"publish","type":"post","link":"https:\/\/principesdeparis.es\/principes\/desvinculandome-de-la-realidad\/","title":{"rendered":"Desvincul\u00e1ndome de la realidad"},"content":{"rendered":"<p>Desconozco si los aficionados que en los a\u00f1os 40 acud\u00edan al campo de Torrero pensaban en la construcci\u00f3n de un nuevo estadio o en un futuro futbol\u00edstico como el de las Recopas, Copas de Ferias, Copas de la UEFA, Supercopas y el subcampeonato de Liga. Con altibajos y momentos de zozobra se llegaba a lo m\u00e1s alto y se ca\u00eda al abismo aunque enseguida se consegu\u00eda sacar la cabeza para seguir luchando y recuperar la dignidad perdida. Hasta el \u00faltimo descenso que conden\u00f3 a la afici\u00f3n zaragocista a recordar su und\u00e9cima final de Copa con una goleada ante el Espa\u00f1ol despu\u00e9s de eliminar al Barcelona, Atl\u00e9tico de Madrid y Real Madrid. Dieciocho a\u00f1os han pasado desde entonces y ya nada es igual en ning\u00fan sentido.<\/p>\n<p>Por motivos muy diferentes a los que se expresaron a comienzos del siglo XXI se est\u00e1 reconstruyendo la vieja Romareda mientras espera a levantase el llamado estadio \u00abmodular\u00bb que desconozco c\u00f3mo se denominar\u00e1 y por qu\u00e9 no puede seguir utiliz\u00e1ndose para otras posibilidades, si su final es terminar derribado cuando se levante casi setenta a\u00f1os despu\u00e9s el nuevo s\u00edmbolo futbol\u00edstico de la ciudad. Ahora pensamos en ascender, que Zaragoza sea sede de un Campeonato del Mundo de F\u00fatbol y que se regrese a las competiciones continentales en unos nuevos escenarios dise\u00f1ados por la UEFA, lo que supongo no se imaginaban nuestros padres y abuelos desplaz\u00e1ndose al antiguo campo que tambi\u00e9n disfrut\u00f3 de la Primera Divisi\u00f3n, como reflexionaba al principio de este art\u00edculo.<\/p>\n<p>Yo todav\u00eda estoy a la expectativa y prefiero no ilusionarme porque me encuentro desde hace alg\u00fan tiempo instalado en la insensibilidad que es un arma eficaz para no sentir dolor, rabia o tristeza pero que provoca el eco del silencio en tu alma. No estoy convencido que el ascenso se consiga esta temporada, tampoco en el inter\u00e9s por la afici\u00f3n zaragocista de los propietarios como argumento fundamental de sus inversiones, ni que el entorno pol\u00edtico de nuestro pa\u00eds favorezca el crecimiento de la sociedad. Vuelvo la cabeza resignado a la inseguridad b\u00e9lica de nuestro planeta que en cualquier momento puede llevarnos al juicio final con la sentencia de \u00abculpables\u00bb. Por eso, desvincul\u00e1ndome de la realidad, solo espero que comience ma\u00f1ana el partido e invierta un tiempo en olvidar todo lo dem\u00e1s. Y si se consigue la victoria disfrutar, dormir a pierna suelta y recordar el s\u00e1bado, nada m\u00e1s despertarme, el triunfo en Tenerife.<\/p>\n","protected":false},"excerpt":{"rendered":"<p>Desconozco si los aficionados que en los a\u00f1os 40 acud\u00edan al campo de Torrero pensaban en la construcci\u00f3n de un nuevo estadio o en un futuro futbol\u00edstico como el de las Recopas, Copas de Ferias, Copas de la UEFA, Supercopas y el subcampeonato de Liga. Con altibajos y momentos de <a class=\"read-more\" href=\"https:\/\/principesdeparis.es\/principes\/desvinculandome-de-la-realidad\/\">Sigue leyendo<\/a><\/p>\n","protected":false},"author":3,"featured_media":16055,"comment_status":"open","ping_status":"open","sticky":false,"template":"","format":"standard","meta":{"footnotes":""},"categories":[16,13],"tags":[],"class_list":["post-16728","post","type-post","status-publish","format-standard","has-post-thumbnail","hentry","category-el10","category-publicidad"],"_links":{"self":[{"href":"https:\/\/principesdeparis.es\/principes\/wp-json\/wp\/v2\/posts\/16728","targetHints":{"allow":["GET"]}}],"collection":[{"href":"https:\/\/principesdeparis.es\/principes\/wp-json\/wp\/v2\/posts"}],"about":[{"href":"https:\/\/principesdeparis.es\/principes\/wp-json\/wp\/v2\/types\/post"}],"author":[{"embeddable":true,"href":"https:\/\/principesdeparis.es\/principes\/wp-json\/wp\/v2\/users\/3"}],"replies":[{"embeddable":true,"href":"https:\/\/principesdeparis.es\/principes\/wp-json\/wp\/v2\/comments?post=16728"}],"version-history":[{"count":1,"href":"https:\/\/principesdeparis.es\/principes\/wp-json\/wp\/v2\/posts\/16728\/revisions"}],"predecessor-version":[{"id":16729,"href":"https:\/\/principesdeparis.es\/principes\/wp-json\/wp\/v2\/posts\/16728\/revisions\/16729"}],"wp:featuredmedia":[{"embeddable":true,"href":"https:\/\/principesdeparis.es\/principes\/wp-json\/wp\/v2\/media\/16055"}],"wp:attachment":[{"href":"https:\/\/principesdeparis.es\/principes\/wp-json\/wp\/v2\/media?parent=16728"}],"wp:term":[{"taxonomy":"category","embeddable":true,"href":"https:\/\/principesdeparis.es\/principes\/wp-json\/wp\/v2\/categories?post=16728"},{"taxonomy":"post_tag","embeddable":true,"href":"https:\/\/principesdeparis.es\/principes\/wp-json\/wp\/v2\/tags?post=16728"}],"curies":[{"name":"wp","href":"https:\/\/api.w.org\/{rel}","templated":true}]}}