{"id":16730,"date":"2024-10-10T10:58:57","date_gmt":"2024-10-10T10:58:57","guid":{"rendered":"https:\/\/principesdeparis.es\/principes\/?p=16730"},"modified":"2024-10-10T11:24:17","modified_gmt":"2024-10-10T11:24:17","slug":"un-real-zaragoza-reprogramado","status":"publish","type":"post","link":"https:\/\/principesdeparis.es\/principes\/un-real-zaragoza-reprogramado\/","title":{"rendered":"Un Real Zaragoza reprogramado"},"content":{"rendered":"<p style=\"text-align: center;\"><em><strong>El equipo naci\u00f3 sobre la base de unos jugadores de los que la mayor\u00eda no han dado a\u00fan el nivel esperado y un formato vulnerable frente a ciertos rivales<\/strong><\/em><\/p>\n<p>Nadie daba un euro por la continuidad de Ga\u00ebtan Poussin en la plantilla del Real Zaragoza pese a contar con contrato hasta 2026. Hoy, el portero franc\u00e9s escucha c\u00e1nticos en su honor despu\u00e9s de varias actuaciones sobresalientes desde que la lesi\u00f3n de Joan Femen\u00edas, en principio propietario del puesto, le abri\u00f3 las puertas de la titularidad. Ten\u00eda los guantes en la maleta cuando el cuerpo t\u00e9cnico decidi\u00f3 dar marcha atr\u00e1s en el fichaje de un tercer guardameta y redirigir ese gasto hacia otras contrataciones. Poussin es la punta del iceberg de un equipo que realiz\u00f3 13 fichajes en el mercado de invierno y que despu\u00e9s de ocho jornadas ha tenido que reprogramarse al no dar la mayor\u00eda de ellos el nivel esperado. El objetivo sigue siendo la lucha por el ascenso, pero para conseguirlo ser\u00e1 imprescindible que todos los nuevos alcancen su mejor versi\u00f3n porque en esta plantilla no sobra nadie y todav\u00eda se echan de menos futbolistas que se quedaron en el tintero en un mercado de verano incompleto respecto a las necesidades de un conjunto aspirante a subir a Primera.<\/p>\n<p>Tampoco estaba Llu\u00eds L\u00f3pez entre los elegidos. S\u00f3lo en una de las tres temporadas anteriores, por las lesiones de Alejandro Franc\u00e9s, el catal\u00e1n tuvo una considerable participaci\u00f3n junto a Jair. Con el zaragozano traspasado al Girona, el portugu\u00e9s inscrito en la lista de transferibles y la imposibilidad de llegar a un acuerdo por Lekovic con el Estrella Roja, el central fue una recurso de urgencia para acompa\u00f1ar a Bernardo Vital, quien tuvo que debutar de urgencia en C\u00e1diz por la negativa de Jair a entrar en el once. Desde entonces, L\u00f3pez a tenido un comportamiento m\u00e1s que correcto al lado de Vital, lo que retras\u00f3 el debut de Sebasti\u00e1n Kosa. Su expulsi\u00f3n en El Molin\u00f3n permiti\u00f3 que el eslovaco se estrenara en la alineaci\u00f3n frente al Racing, reuni\u00e9ndose la pareja de centrales que se hab\u00eda previsto como fija en los planes de V\u00edctor Fern\u00e1ndez. La mala actuaci\u00f3n del eslovaco, unida a otra secuencia de errores del ex del Estoril tras los de Gij\u00f3n, han dejado esa parcela en una inquietante cuarentena, con Llu\u00eds L\u00f3pez de regreso por la ausencia de Kosa, reclamado por la sub 21 de su pa\u00eds. El Real Zaragoza ha visto rota la red de seguridad en los \u00faltimos cuatro partidos, en los que ha encajado seis de los siete goles que lleva en contra, mientras Calero cumple con nota con su cometido y Tasende, pleno de alegr\u00edas en la faceta ofensiva, ha dejado su pasillo desatendido en no pocas ocasiones. La lesi\u00f3n del lateral izquierdo dio pase a Enrique Clemente, muy desafortunado y expulsado ante el Sporting.<\/p>\n<p>La baja de Keidi Bare ha coincidido con tres derrotas en los cuatro partidos disputados sin el alban\u00e9s. Francho y Moya, estupendos revulsivos antes de la lesi\u00f3n de su compa\u00f1ero, no han mezclado bien en algunos casos por un formato 1-4-4-2 del que ha desaparecido Aguado &#8211;de Gori nada se sabe y hoy se ha ca\u00eddo por primera vez de una citaci\u00f3n&#8211; y que deber\u00eda revisarse en funci\u00f3n de rivales que lo han desmontado por completo como hizo el Racing el pasado s\u00e1bado. El problema en la medular ser\u00e1 menos con la vuelta de Bare, pero quedan pendientes un par de asuntos capitales por resolver: que Adu Ares entre en la din\u00e1mica del equipo y de la categor\u00eda despu\u00e9s de dos partidos de titular en los que se percibi\u00f3 un jugador desconectado, casi ap\u00e1tico. El extremo derecho le est\u00e1 provocando serias jaquecas a V\u00edctor Fern\u00e1ndez, quien despu\u00e9s de experimentar con Bermejo y ante las dudas que genera Ares, ha optado por recolocar a Aketxe en ese lugar pero con libertad para desplazarse por la zona interior del ataque. El de Getxo, aunque va mejorando f\u00edsicamente respecto al lastre que le supuso a falta de pretemporada y la lesi\u00f3n que sufri\u00f3, est\u00e1 lejos de sus prestaciones m\u00e1s reconocibles. La descompensaci\u00f3n en el centro del campo est\u00e1 afectando tambi\u00e9n a un Liso exigido como \u00fanico recurso de desborde por banda y obligado a constantes esfuerzos defensivos.<\/p>\n<p>La delantera no escapa a esta reprogramaci\u00f3n. Mario Sober\u00f3n arranc\u00f3 en punta con Samed Bazdar para convertirse en el goleador del Real Zaragoza. Un delantero sin apenas experiencia en el f\u00fatbol profesional, se elevaba con silenciador pero balas y punter\u00eda por encima de la hipot\u00e9tica gran promesa serbia y adelantaba a Alberto Mar\u00ed, cedido por el Valencia. Con cinco tantos en seis encuentros y encabezando la lista de m\u00e1ximos realizadores junto a Andr\u00e9s Mart\u00edn, V\u00edctor Fern\u00e1ndez le sent\u00f3 en el banquillo para entregar el ataque a Bazdar y Mar\u00ed, su dueto preferido pese a los n\u00fameros del c\u00e1ntabro y la nula productividad del alicantino. Nadie entendi\u00f3 la suplencia de Sober\u00f3n en Gij\u00f3n y la semana se hizo larga por la pol\u00e9mica hasta que fue devuelto a la titularidad ante el Racing con diana incluida. El Real Zaragoza quer\u00eda ser uno y es otro. Con piezas en apariencia menores que no encajaban en la estructura y ahora soportan gran parte del peso y vigas maestras que no otorgan la firmeza esperada. Todo esto deja al descubierto un mercado de verano muy deficiente y el riesgo de reinventarse en cuanto surge alg\u00fan inconveniente. Con la mirada puesta en la siempre dudosa venta de invierno sin descolgarse de la parte alta de la clasificaci\u00f3n para cubrir lagunas posicionales y potenciar un proyecto de ascenso que peligra con tanta vacilaci\u00f3n.<\/p>\n<blockquote class=\"twitter-tweet\">\n<p lang=\"es\" dir=\"ltr\">Gori se cae por primera vez de una lista y regresan Llu\u00eds L\u00f3pez, Clemente y Keidi Bare <a href=\"https:\/\/t.co\/bsvRPshfe3\">https:\/\/t.co\/bsvRPshfe3<\/a><\/p>\n<p>&mdash; Alfonso Hernandez (@alfonherndez) <a href=\"https:\/\/twitter.com\/alfonherndez\/status\/1844335174571655392?ref_src=twsrc%5Etfw\">October 10, 2024<\/a><\/p><\/blockquote>\n<p> <script async src=\"https:\/\/platform.twitter.com\/widgets.js\" charset=\"utf-8\"><\/script><\/p>\n","protected":false},"excerpt":{"rendered":"<p>El equipo naci\u00f3 sobre la base de unos jugadores de los que la mayor\u00eda no han dado a\u00fan el nivel esperado y un formato vulnerable frente a ciertos rivales Nadie daba un euro por la continuidad de Ga\u00ebtan Poussin en la plantilla del Real Zaragoza pese a contar con contrato <a class=\"read-more\" href=\"https:\/\/principesdeparis.es\/principes\/un-real-zaragoza-reprogramado\/\">Sigue leyendo<\/a><\/p>\n","protected":false},"author":2,"featured_media":16731,"comment_status":"open","ping_status":"open","sticky":false,"template":"","format":"standard","meta":{"footnotes":""},"categories":[13,1],"tags":[],"class_list":["post-16730","post","type-post","status-publish","format-standard","has-post-thumbnail","hentry","category-publicidad","category-real-zaragoza"],"_links":{"self":[{"href":"https:\/\/principesdeparis.es\/principes\/wp-json\/wp\/v2\/posts\/16730","targetHints":{"allow":["GET"]}}],"collection":[{"href":"https:\/\/principesdeparis.es\/principes\/wp-json\/wp\/v2\/posts"}],"about":[{"href":"https:\/\/principesdeparis.es\/principes\/wp-json\/wp\/v2\/types\/post"}],"author":[{"embeddable":true,"href":"https:\/\/principesdeparis.es\/principes\/wp-json\/wp\/v2\/users\/2"}],"replies":[{"embeddable":true,"href":"https:\/\/principesdeparis.es\/principes\/wp-json\/wp\/v2\/comments?post=16730"}],"version-history":[{"count":3,"href":"https:\/\/principesdeparis.es\/principes\/wp-json\/wp\/v2\/posts\/16730\/revisions"}],"predecessor-version":[{"id":16734,"href":"https:\/\/principesdeparis.es\/principes\/wp-json\/wp\/v2\/posts\/16730\/revisions\/16734"}],"wp:featuredmedia":[{"embeddable":true,"href":"https:\/\/principesdeparis.es\/principes\/wp-json\/wp\/v2\/media\/16731"}],"wp:attachment":[{"href":"https:\/\/principesdeparis.es\/principes\/wp-json\/wp\/v2\/media?parent=16730"}],"wp:term":[{"taxonomy":"category","embeddable":true,"href":"https:\/\/principesdeparis.es\/principes\/wp-json\/wp\/v2\/categories?post=16730"},{"taxonomy":"post_tag","embeddable":true,"href":"https:\/\/principesdeparis.es\/principes\/wp-json\/wp\/v2\/tags?post=16730"}],"curies":[{"name":"wp","href":"https:\/\/api.w.org\/{rel}","templated":true}]}}