{"id":16751,"date":"2024-10-10T20:00:14","date_gmt":"2024-10-10T20:00:14","guid":{"rendered":"https:\/\/principesdeparis.es\/principes\/?p=16751"},"modified":"2024-10-10T20:35:59","modified_gmt":"2024-10-10T20:35:59","slug":"salvador-asensio-los-arbitros-descansan-en-paz","status":"publish","type":"post","link":"https:\/\/principesdeparis.es\/principes\/salvador-asensio-los-arbitros-descansan-en-paz\/","title":{"rendered":"Salvador Asensio, los \u00e1rbitros descansan en paz"},"content":{"rendered":"<p>Salvador Asensio y su coraz\u00f3n se han ido camino del Coso de la Misericordia para presenciar una de las corridas de la Ferias del Pilar. Hace tiempo que no encuentro relaci\u00f3n entre la poes\u00eda y la muerte, supongo porque los a\u00f1os y la proximidad a ella van consumiendo las fuerzas de embellecer las despedidas sin retorno del aliento, de la voz. En otra \u00e9poca, quiz\u00e1s hubiese intentado justificar que no pod\u00eda haber escenario &#8211;tan s\u00f3lo La Romareda&#8211; ni fecha m\u00e1s apropiados para el \u00faltimo d\u00eda en la tierra de este gran periodista y locutor zaragozano. Le abandonaron los latidos en direcci\u00f3n a una de sus pasiones, los toros, justo en el centro del ruedo de las fiestas. Prefiero, sin embargo, ce\u00f1irme a la persona, a los momentos que compart\u00ed con \u00e9l y que guardo con especial cari\u00f1o en mi memoria. Todos se concentran alrededor del Real Zaragoza, de los viajes que compartimos para cubrir la informaci\u00f3n del equipo. A este zaragozano y aragon\u00e9s hasta el tu\u00e9tano le acompa\u00f1aba siempre una estela de respeto hacia los dem\u00e1s, hacia su profesi\u00f3n, la radio, un medio que adoraba y le adoraba. En algunas charlas bromeaba con su fijaci\u00f3n con los \u00e1rbitros de f\u00fatbol, a los que ten\u00eda en el punto de mira antes, durante y despu\u00e9s de los encuentros. No hab\u00eda colegiado bueno y se quejaba de que \u00abse creen como dioses\u00bb.\u00a0 No s\u00e9 d\u00f3nde estar\u00e1 ahora Salvador, divino periodista, pero estoy convencido de que los \u00e1rbitros descansar\u00e1n en paz sin este gigante de la radiodifusi\u00f3n espa\u00f1ola. Nosotros, quienes tuvimos la fortuna de vivirlo, no vestiremos nunca de negro al escuchar en el fondo del eterno coraz\u00f3n hertziano que a\u00fan retransmite su poderosa carcajada y las sonrisas que nos dibuj\u00f3 con su socarroner\u00eda.<\/p>\n<p><iframe loading=\"lazy\" title=\"YouTube video player\" src=\"https:\/\/www.youtube.com\/embed\/QiXnukrm-mY?si=c3gS2XWR-_C8Rjkm\" width=\"560\" height=\"315\" frameborder=\"0\" allowfullscreen=\"allowfullscreen\"><\/iframe><\/p>\n<p>&nbsp;<\/p>\n<p class=\"ft-text\"><strong>TEXTO \u00cdNTEGRO PUBLICADO EN EL PERI\u00d3DICO DE ARAG\u00d3N<\/strong><\/p>\n<p class=\"ft-text\"><strong>El veterano periodista radiof\u00f3nico Salvador Asensio falleci\u00f3 este jueves en Zaragoza a los 84 a\u00f1os.<\/strong>\u00a0Asensio dedic\u00f3 muchos a\u00f1os de su trayectoria period\u00edstica a cubrir la informaci\u00f3n del Real Zaragoza, aunque no solo con el f\u00fatbol, puesto que se encarg\u00f3 de otros deportes y sigui\u00f3 mucho tiempo al extinto CAI Zaragoza.<strong>\u00a0Adem\u00e1s, tambi\u00e9n se especializ\u00f3 en toros y realiz\u00f3 programas musicales en sus inicios.\u00a0<\/strong>Era uno de los periodistas m\u00e1s carism\u00e1ticos de la comunidad y no dej\u00f3 de trabajar y colaborar en diferentes plataformas hablando sobre todo del equipo zaragocista, que era su gran pasi\u00f3n.\u00a0<strong>En 2019 fue premiado en la Gala del Deporte de Zaragoza por el ayuntamiento de la ciudad en reconocimiento a su trayectoria.<\/strong><\/p>\n<p class=\"ft-text\">Amante de la radio y de los toros, con una gran vitalidad y unas enormes ganas de aprender, Salvador Asensio comenz\u00f3 a encauzar su afici\u00f3n por las ondas en una estaci\u00f3n escuela de Radio Juventud. Trabaj\u00f3 ordenando la discoteca en Radio Juventud de Zaragoza, recogiendo y archivando los discos que se utilizaban en las emisiones, all\u00e1 por los a\u00f1os sesenta, por lo que estuvo casi 60 a\u00f1os en la profesi\u00f3n.<\/p>\n<div id=\"intext-sunmedia-1\">\n<div id=\"sm-it-main-container-1728586926631\" class=\"sm-it-main-container\" data-it=\"ee327a7c-2a99-4fe7-ab3d-c2df002e2ac1\" data-device=\"desktop\" data-index=\"0\">\n<div id=\"sm-reference-1728586926631\" class=\"sm-reference\">Tras su paso por los entresijos de la radio, pas\u00f3 a formar parte del equipo de locutores de continuidad para leer las dedicatorias de los discos y las gu\u00edas comerciales. M\u00e1s tarde asumi\u00f3 la responsabilidad de comentarista, presentador de programas, entrevistador y relator de partidos de f\u00fatbol. <strong>El primer encuentro que tuvo que transmitir fue en la d\u00e9cada de los setenta en la Romareda entre el Real Zaragoza y el Sporting de Gij\u00f3n para el que estuvo una semana estudiando a los jugadores para no cometer errores el d\u00eda de su estreno.<\/strong><\/div>\n<\/div>\n<\/div>\n<p class=\"ft-text\"><strong>Otro pilar fundamental en la amplia carrera de Salvador Asensio es la m\u00fasica.<\/strong>\u00a0Present\u00f3 un programa de gran \u00e9xito con Jorge Cano e Ismael Abril llamado \u201cLos 46 RJ\u201d que ten\u00eda una duraci\u00f3n de media hora diaria en sus inicios, pero que lleg\u00f3 a completar dos horas diarias debido a su audiencia.\u00a0<strong>Consigui\u00f3 el patrocinio de importantes marcas a nivel nacional que les permit\u00eda a viajar a Madrid, Barcelona y Valencia de forma semanal para realizar el programa<\/strong>. A este espacio musical acud\u00edan los grandes artistas espa\u00f1oles de la \u00e9poca como Los Pecos o Camilo Sesto. Tuvo tal repercusi\u00f3n que llegaron a crear un festival con entrega de premios incluida; recib\u00edan entre 200 y 300 cartas de oyentes diarias y ten\u00edan lista de espera de anunciantes. El programa estuvo en antena durante doce a\u00f1os.<\/p>\n<p><strong>En el apartado deportivo, Asensio recorri\u00f3 casi toda Europa siguiendo al Real Zaragoza y al CAI Zaragoza.<\/strong>\u00a0Tambi\u00e9n fue uno de los narradores de Radio Cadena Espa\u00f1ola durante el Mundial de 1982 donde segu\u00eda a la selecci\u00f3n espa\u00f1ola y narraba sus partidos a nivel nacional. Salvador Asensio form\u00f3 parte del grupo de emisoras de Radio Heraldo donde era el responsable en Zaragoza en los a\u00f1os noventa para posteriormente hacerse cargo de la direcci\u00f3n de Radio Ebro donde tambi\u00e9n retransmiti\u00f3 los partidos y presentaba programas.\u00a0<strong>Despu\u00e9s, estuvo en la Jungla Radio y en los \u00faltimos a\u00f1os colaboraba con diferentes periodistas, ya que nunca dej\u00f3 de hablar de su gran pasi\u00f3n, el Real Zaragoza.<\/strong><\/p>\n<p><em>Foto: Extradigital<\/em><\/p>\n<blockquote class=\"twitter-tweet\">\n<p dir=\"ltr\" lang=\"es\">Desde el Real Zaragoza queremos transmitir nuestro m\u00e1s sentido p\u00e9same por el fallecimiento de Salvador Asensio<\/p>\n<p>Periodista y voz ic\u00f3nica del deporte aragon\u00e9s. Siempre estar\u00e1s en nuestro recuerdo<\/p>\n<p>D. E. P. <a href=\"https:\/\/t.co\/jSMVYRXMZD\">pic.twitter.com\/jSMVYRXMZD<\/a><\/p>\n<p>\u2014 Real Zaragoza (@RealZaragoza) <a href=\"https:\/\/twitter.com\/RealZaragoza\/status\/1844459270903038003?ref_src=twsrc%5Etfw\">October 10, 2024<\/a><\/p><\/blockquote>\n<p><script async src=\"https:\/\/platform.twitter.com\/widgets.js\" charset=\"utf-8\"><\/script><\/p>\n<blockquote class=\"twitter-tweet\">\n<p dir=\"ltr\" lang=\"es\"><a href=\"https:\/\/twitter.com\/hashtag\/RFAF?src=hash&amp;ref_src=twsrc%5Etfw\">#RFAF<\/a> I PERIODISTA ARAGON\u00c9S<br \/>\n&#x26ab;&#xfe0f;Fallece el periodista deportivo aragon\u00e9s, Salvador Asensio Alario, (Zaragoza, 5-03-1940). Salvador era una de las voces m\u00e1s populares de la radiodifusi\u00f3n aragonesa. DEP <a href=\"https:\/\/t.co\/OTgXh3SOWV\">pic.twitter.com\/OTgXh3SOWV<\/a><\/p>\n<p>\u2014 Real Federaci\u00f3n Aragonesa F\u00fatbol (@futbolaragon) <a href=\"https:\/\/twitter.com\/futbolaragon\/status\/1844461868297093357?ref_src=twsrc%5Etfw\">October 10, 2024<\/a><\/p><\/blockquote>\n<p><script async src=\"https:\/\/platform.twitter.com\/widgets.js\" charset=\"utf-8\"><\/script><\/p>\n<blockquote class=\"twitter-tweet\">\n<p dir=\"ltr\" lang=\"es\">DEP Salvador Asensio, una de las voces radiof\u00f3nicas del zaragocismo <a href=\"https:\/\/t.co\/4mGwOu1jXo\">https:\/\/t.co\/4mGwOu1jXo<\/a><\/p>\n<p>\u2014 FPe\u00f1as Real Zaragoza (@FPRealZaragoza) <a href=\"https:\/\/twitter.com\/FPRealZaragoza\/status\/1844462172757426541?ref_src=twsrc%5Etfw\">October 10, 2024<\/a><\/p><\/blockquote>\n<p><script async src=\"https:\/\/platform.twitter.com\/widgets.js\" charset=\"utf-8\"><\/script><\/p>\n","protected":false},"excerpt":{"rendered":"<p>Salvador Asensio y su coraz\u00f3n se han ido camino del Coso de la Misericordia para presenciar una de las corridas de la Ferias del Pilar. Hace tiempo que no encuentro relaci\u00f3n entre la poes\u00eda y la muerte, supongo porque los a\u00f1os y la proximidad a ella van consumiendo las fuerzas <a class=\"read-more\" href=\"https:\/\/principesdeparis.es\/principes\/salvador-asensio-los-arbitros-descansan-en-paz\/\">Sigue leyendo<\/a><\/p>\n","protected":false},"author":2,"featured_media":16753,"comment_status":"open","ping_status":"open","sticky":false,"template":"","format":"standard","meta":{"footnotes":""},"categories":[15,13],"tags":[],"class_list":["post-16751","post","type-post","status-publish","format-standard","has-post-thumbnail","hentry","category-otros-temas","category-publicidad"],"_links":{"self":[{"href":"https:\/\/principesdeparis.es\/principes\/wp-json\/wp\/v2\/posts\/16751","targetHints":{"allow":["GET"]}}],"collection":[{"href":"https:\/\/principesdeparis.es\/principes\/wp-json\/wp\/v2\/posts"}],"about":[{"href":"https:\/\/principesdeparis.es\/principes\/wp-json\/wp\/v2\/types\/post"}],"author":[{"embeddable":true,"href":"https:\/\/principesdeparis.es\/principes\/wp-json\/wp\/v2\/users\/2"}],"replies":[{"embeddable":true,"href":"https:\/\/principesdeparis.es\/principes\/wp-json\/wp\/v2\/comments?post=16751"}],"version-history":[{"count":8,"href":"https:\/\/principesdeparis.es\/principes\/wp-json\/wp\/v2\/posts\/16751\/revisions"}],"predecessor-version":[{"id":16760,"href":"https:\/\/principesdeparis.es\/principes\/wp-json\/wp\/v2\/posts\/16751\/revisions\/16760"}],"wp:featuredmedia":[{"embeddable":true,"href":"https:\/\/principesdeparis.es\/principes\/wp-json\/wp\/v2\/media\/16753"}],"wp:attachment":[{"href":"https:\/\/principesdeparis.es\/principes\/wp-json\/wp\/v2\/media?parent=16751"}],"wp:term":[{"taxonomy":"category","embeddable":true,"href":"https:\/\/principesdeparis.es\/principes\/wp-json\/wp\/v2\/categories?post=16751"},{"taxonomy":"post_tag","embeddable":true,"href":"https:\/\/principesdeparis.es\/principes\/wp-json\/wp\/v2\/tags?post=16751"}],"curies":[{"name":"wp","href":"https:\/\/api.w.org\/{rel}","templated":true}]}}