{"id":16761,"date":"2024-10-11T17:48:51","date_gmt":"2024-10-11T17:48:51","guid":{"rendered":"https:\/\/principesdeparis.es\/principes\/?p=16761"},"modified":"2024-10-11T18:29:15","modified_gmt":"2024-10-11T18:29:15","slug":"vuelve-la-dupla-bare-aguado-y-adu-ares-releva-a-liso","status":"publish","type":"post","link":"https:\/\/principesdeparis.es\/principes\/vuelve-la-dupla-bare-aguado-y-adu-ares-releva-a-liso\/","title":{"rendered":"Vuelve la dupla Bare-Aguado y Adu Ares releva a Liso"},"content":{"rendered":"<p>De los cuatro cambios que V\u00edctor Fern\u00e1ndez presenta en la alineaci\u00f3n del Real Zaragoza para enfrentarse al Tenerife destaca el regreso de la dupla de pivotes formada por Keidi Bare y Marc Aguado, uno fuera del equipo por lesi\u00f3n en las \u00faltimas jornadas y el aragon\u00e9s descartado desde hace tres encuentros por decisi\u00f3n t\u00e9cnica, sin disputar un solo segundo siquiera desde la reserva. Moya y Francho, por lo tanto, se quedan fuera en esta ocasi\u00f3n, recuperando su papel de revulsivo en caso necesario. En el centro de la zaga, como estaba previsto, Llu\u00eds L\u00f3pez reaparece en ae once en lugar de Sebastian Kosa, citado con\u00a0 la selecci\u00f3n eslovaca sub 21.<\/p>\n<p>La gran novedad es la aparici\u00f3n de Adu Ares, titular por tercera oportunidad esta temporada y que deja en el banquillo a Adri\u00e1n Liso, una de las armas ofensivas m\u00e1s poderosas del conjunto aragon\u00e9s en los buenos y los malos momentos. El vizca\u00edno, muy desafortunado hasta ahora, vuelve a contar con\u00a0 la confianza del t\u00e9cnico en la posici\u00f3n que m\u00e1s le agrada, la izquierda. Ager Aketxe seguir\u00e1 en la derecha y el ataque corresponder\u00e1 de nuevo a Sober\u00f3n, aliado con la musas del gol, y un Bazdar que buscar\u00e1 estrenarse como artillero en este compromiso frente al colista.<\/p>\n<p>El Real Zaragoza busca en este partido varias cuestiones pendientes. En primer lugar la victoria, que se le ha negado tras dos derrotas consecutivas en Gij\u00f3n y en casa frente al Racing en un partido donde los c\u00e1ntabros demostraron un considerable superioridad t\u00e1ctica e individual, y en segundo, recuperar la homogeneidad que ten\u00eda el equipo con Keide Bare a los mandos de la medular. Tambi\u00e9n cerrar el grifo defensivo, muy abierto desde el primer tropiezo en El Plant\u00edo. Desde entonces se han encajado seis tantos por, m\u00e1s de la mitad por graves errores defensivos.<\/p>\n<p>Quinto en la clasificaci\u00f3n, el equipo aragon\u00e9s necesita los tres puntos como medicina general y, asimismo, como trampol\u00edn para no descolgarse de las seis primeras plazas y optar a mejorar su puesto actual. Un tercer encuentro sin ganar y mucho m\u00e1s una derrota abrir\u00edan la primera crisis de la temporada, situaci\u00f3n que presentar\u00eda un escenario in\u00e9dito hasta la fecha. El Tenerife, que se impuso la semana pasada al Cartagena, persigue su segundo triunfo consecutivo para escalar del fondo de la clasificaci\u00f3n de la mano de Pepe Mel, que vive el 23 enfrentamiento con el Real Zaragoza y el cuarto particular con V\u00edctor Fern\u00e1ndez, al que no ha ganado hasta ahora. Maikel Mesa sigue en el banquillo y debuta el jovenc\u00edsimo Aaron Mart\u00edn, de 17 a\u00f1os tras completar 13 minutos en la anterior jornada en el Heliodoro.<\/p>\n<p>La alineaci\u00f3n del Tenerife<\/p>\n<blockquote class=\"twitter-tweet\">\n<p dir=\"ltr\" lang=\"es\">XI del <a href=\"https:\/\/twitter.com\/hashtag\/CDTenerife?src=hash&amp;ref_src=twsrc%5Etfw\">#CDTenerife<\/a> y reservas &#x26aa;&#xfe0f;&#x1f535;.<a href=\"https:\/\/twitter.com\/hashtag\/TenerifeRealZaragoza?src=hash&amp;ref_src=twsrc%5Etfw\">#TenerifeRealZaragoza<\/a> <a href=\"https:\/\/twitter.com\/hashtag\/AmorEterno?src=hash&amp;ref_src=twsrc%5Etfw\">#AmorEterno<\/a> <a href=\"https:\/\/t.co\/pZ2FaGDMU1\">pic.twitter.com\/pZ2FaGDMU1<\/a><\/p>\n<p>\u2014 CD Tenerife &#x1f3f4;&#xe0067;&#xe0062;&#xe0073;&#xe0063;&#xe0074;&#xe007f; (@CDTOficial) <a href=\"https:\/\/twitter.com\/CDTOficial\/status\/1844791861799456934?ref_src=twsrc%5Etfw\">October 11, 2024<\/a><\/p><\/blockquote>\n<p><script async src=\"https:\/\/platform.twitter.com\/widgets.js\" charset=\"utf-8\"><\/script><\/p>\n","protected":false},"excerpt":{"rendered":"<p>De los cuatro cambios que V\u00edctor Fern\u00e1ndez presenta en la alineaci\u00f3n del Real Zaragoza para enfrentarse al Tenerife destaca el regreso de la dupla de pivotes formada por Keidi Bare y Marc Aguado, uno fuera del equipo por lesi\u00f3n en las \u00faltimas jornadas y el aragon\u00e9s descartado desde hace tres <a class=\"read-more\" href=\"https:\/\/principesdeparis.es\/principes\/vuelve-la-dupla-bare-aguado-y-adu-ares-releva-a-liso\/\">Sigue leyendo<\/a><\/p>\n","protected":false},"author":2,"featured_media":16762,"comment_status":"open","ping_status":"open","sticky":false,"template":"","format":"standard","meta":{"footnotes":""},"categories":[13,1],"tags":[],"class_list":["post-16761","post","type-post","status-publish","format-standard","has-post-thumbnail","hentry","category-publicidad","category-real-zaragoza"],"_links":{"self":[{"href":"https:\/\/principesdeparis.es\/principes\/wp-json\/wp\/v2\/posts\/16761","targetHints":{"allow":["GET"]}}],"collection":[{"href":"https:\/\/principesdeparis.es\/principes\/wp-json\/wp\/v2\/posts"}],"about":[{"href":"https:\/\/principesdeparis.es\/principes\/wp-json\/wp\/v2\/types\/post"}],"author":[{"embeddable":true,"href":"https:\/\/principesdeparis.es\/principes\/wp-json\/wp\/v2\/users\/2"}],"replies":[{"embeddable":true,"href":"https:\/\/principesdeparis.es\/principes\/wp-json\/wp\/v2\/comments?post=16761"}],"version-history":[{"count":9,"href":"https:\/\/principesdeparis.es\/principes\/wp-json\/wp\/v2\/posts\/16761\/revisions"}],"predecessor-version":[{"id":16771,"href":"https:\/\/principesdeparis.es\/principes\/wp-json\/wp\/v2\/posts\/16761\/revisions\/16771"}],"wp:featuredmedia":[{"embeddable":true,"href":"https:\/\/principesdeparis.es\/principes\/wp-json\/wp\/v2\/media\/16762"}],"wp:attachment":[{"href":"https:\/\/principesdeparis.es\/principes\/wp-json\/wp\/v2\/media?parent=16761"}],"wp:term":[{"taxonomy":"category","embeddable":true,"href":"https:\/\/principesdeparis.es\/principes\/wp-json\/wp\/v2\/categories?post=16761"},{"taxonomy":"post_tag","embeddable":true,"href":"https:\/\/principesdeparis.es\/principes\/wp-json\/wp\/v2\/tags?post=16761"}],"curies":[{"name":"wp","href":"https:\/\/api.w.org\/{rel}","templated":true}]}}