{"id":16780,"date":"2024-10-12T10:48:06","date_gmt":"2024-10-12T10:48:06","guid":{"rendered":"https:\/\/principesdeparis.es\/principes\/?p=16780"},"modified":"2024-10-13T17:04:17","modified_gmt":"2024-10-13T17:04:17","slug":"no-no-es-el-real-zaragoza-de-victor-fernandez","status":"publish","type":"post","link":"https:\/\/principesdeparis.es\/principes\/no-no-es-el-real-zaragoza-de-victor-fernandez\/","title":{"rendered":"No, no es el Real Zaragoza de V\u00edctor Fern\u00e1ndez"},"content":{"rendered":"<p style=\"text-align: center;\"><em><strong>Sigue el empe\u00f1o del reba\u00f1o cebado por el t\u00e9cnico por entronizarle por delante de un equipo que le debe sus victorias a Francho, Az\u00f3n, Sans, Sober\u00f3n, jugadores que le molestan, y Bazdar<\/strong><\/em><\/p>\n<p>El triunfo en Tenerife le pertenece al zaragocismo, bandera de la que pretende apropiarse el reba\u00f1o que ceba V\u00edctor Fern\u00e1ndez cada semana para que lo justifiquen en las alegr\u00edas y en las penas, en la salud y la enfermedad, todos los d\u00edas de su cuarta vida en el club. Este matrimonio pre\u00f1ado de toxicidad se ha empe\u00f1ado en instigar una guerra civil de garraf\u00f3n, subterr\u00e1nea y oportunista, para pasear al santo por las narices de un corriente cr\u00edtica que est\u00e1 llena de razones. La victoria en Tenerife no les pertenece, como tampoco al entrenador. Los tres puntos en la isla son propiedad del zaragocismo, regalados desde el banquillo por Pau Sans e Iv\u00e1n Az\u00f3n. Tambi\u00e9n Bazdar, un chico serbio con mucho futuro y clase pero a\u00fan por madurar. No, no es el Real Zaragoza de V\u00edctor Fern\u00e1ndez, el de Femen\u00edas, Kosa (Lekovic), Adu Ares (Herrera), Gori, Aketxe y Mar\u00ed, el que pierde y gana en tres partidos contra diez. El que remonta en la agon\u00eda para corregir alineaciones delirantes.<\/p>\n<p>El Real Zaragoza estuvo muy cerca de caer al vac\u00edo en el Heliodro Rodr\u00edguez, pero hizo sus deberes en superioridad. A \u00faltima hora, como mal estudiante, o mejor dicho como alumno que sufre las consecuencias de un p\u00e9simo maestro. A V\u00edctor no le gustan lo m\u00e1s m\u00ednimo Francho, Az\u00f3n, Sober\u00f3n y Pau Sans como bien queda demostrado, salvo en el caso del pichichi, en los minutos que les ha concedido. La suplencia sin venir a cuento del goleador en El Molin\u00f3n le cost\u00f3 una semana de censura desde todos los frentes menos uno. Ni feligreses de su iglesia ni ateos de su desvar\u00edos t\u00e1cticos con el viento en contra comprendieron esa decisi\u00f3n, lo que encendi\u00f3 su intolerancia al error, a los errores del descubridor de Poussin. Ayer estaba muy s\u00f3lo junto a David Navarro buscando soluciones con Adri\u00e1n Liso sentado en el banquillo, otra osad\u00eda digna del Nobel de la estrategias. Pau Sans y Az\u00f3n, como frente al Racing, primero, y el extremo, despu\u00e9s de regalar 36minutos (del 24 con la roja al 60) para entender que hab\u00eda que ensanchar el campo por ambos costados.<\/p>\n<p>En posiciones de privilegio, ladrar\u00e1n sus monaguillos cerca de ese altar al que habr\u00eda que subir a \u00d3scar Plano, Manu Hernando y Sergio Gonz\u00e1lez, que asfaltaron los caminos con sus escandalosas tarjetas rojas, pero sobre todo a los canteranos, a Sober\u00f3n, a la fina definici\u00f3n de Bazdar y a intervenciones de Poussin, todav\u00eda con el billete de vuelta a Francia en el bolsillo. El Real Zaragoza, como el f\u00fatbol, es de los futbolistas, pero mucho m\u00e1s en este caso tan flagrante donde el entrenador recurre a guiones alternativos para corregir los suyos donde los buenos son los malos y viceversa en las pel\u00edculas que se monta y aplauden ese p\u00fablico esclavo en las butacas de una sala cada vez m\u00e1s vac\u00eda. El \u00e9xito, por ahora, tiene cabeza de rat\u00f3n y cola de le\u00f3n, pero le falta cuerpo, el de un entrenador l\u00f3gico, sin arabescos ni joyas de bisuter\u00eda en sus planes. Es decir, otro entrenador (aullidos de fondo).<\/p>\n","protected":false},"excerpt":{"rendered":"<p>Sigue el empe\u00f1o del reba\u00f1o cebado por el t\u00e9cnico por entronizarle por delante de un equipo que le debe sus victorias a Francho, Az\u00f3n, Sans, Sober\u00f3n, jugadores que le molestan, y Bazdar El triunfo en Tenerife le pertenece al zaragocismo, bandera de la que pretende apropiarse el reba\u00f1o que ceba <a class=\"read-more\" href=\"https:\/\/principesdeparis.es\/principes\/no-no-es-el-real-zaragoza-de-victor-fernandez\/\">Sigue leyendo<\/a><\/p>\n","protected":false},"author":2,"featured_media":16781,"comment_status":"open","ping_status":"open","sticky":false,"template":"","format":"standard","meta":{"footnotes":""},"categories":[13,1],"tags":[],"class_list":["post-16780","post","type-post","status-publish","format-standard","has-post-thumbnail","hentry","category-publicidad","category-real-zaragoza"],"_links":{"self":[{"href":"https:\/\/principesdeparis.es\/principes\/wp-json\/wp\/v2\/posts\/16780","targetHints":{"allow":["GET"]}}],"collection":[{"href":"https:\/\/principesdeparis.es\/principes\/wp-json\/wp\/v2\/posts"}],"about":[{"href":"https:\/\/principesdeparis.es\/principes\/wp-json\/wp\/v2\/types\/post"}],"author":[{"embeddable":true,"href":"https:\/\/principesdeparis.es\/principes\/wp-json\/wp\/v2\/users\/2"}],"replies":[{"embeddable":true,"href":"https:\/\/principesdeparis.es\/principes\/wp-json\/wp\/v2\/comments?post=16780"}],"version-history":[{"count":2,"href":"https:\/\/principesdeparis.es\/principes\/wp-json\/wp\/v2\/posts\/16780\/revisions"}],"predecessor-version":[{"id":16783,"href":"https:\/\/principesdeparis.es\/principes\/wp-json\/wp\/v2\/posts\/16780\/revisions\/16783"}],"wp:featuredmedia":[{"embeddable":true,"href":"https:\/\/principesdeparis.es\/principes\/wp-json\/wp\/v2\/media\/16781"}],"wp:attachment":[{"href":"https:\/\/principesdeparis.es\/principes\/wp-json\/wp\/v2\/media?parent=16780"}],"wp:term":[{"taxonomy":"category","embeddable":true,"href":"https:\/\/principesdeparis.es\/principes\/wp-json\/wp\/v2\/categories?post=16780"},{"taxonomy":"post_tag","embeddable":true,"href":"https:\/\/principesdeparis.es\/principes\/wp-json\/wp\/v2\/tags?post=16780"}],"curies":[{"name":"wp","href":"https:\/\/api.w.org\/{rel}","templated":true}]}}