{"id":16794,"date":"2024-10-14T12:01:49","date_gmt":"2024-10-14T12:01:49","guid":{"rendered":"https:\/\/principesdeparis.es\/principes\/?p=16794"},"modified":"2024-11-06T16:46:41","modified_gmt":"2024-11-06T16:46:41","slug":"apurar-con-soberon-tiene-un-precio-dos-partidos-de-baja","status":"publish","type":"post","link":"https:\/\/principesdeparis.es\/principes\/apurar-con-soberon-tiene-un-precio-dos-partidos-de-baja\/","title":{"rendered":"Apurar con Sober\u00f3n tiene un precio: dos partidos de baja"},"content":{"rendered":"<p>La extensa lista de lesionados del Real Zaragoza durante esta temporada a\u00f1ade un nombre m\u00e1s, la de Mario Sober\u00f3n, que se perder\u00e1 los dos pr\u00f3ximos partidos de Liga, frente al Almer\u00eda en casa y contra el Eldense en la jornada intersemanal del mi\u00e9rcoles 23. El m\u00e1ximo goleador del conjunto aragon\u00e9s y de la competici\u00f3n con seis tantos junto al racinguista Andr\u00e9s Mart\u00edn sufre, seg\u00fan el parte m\u00e9dico ofrecido por el club tras las pruebas radiol\u00f3gicas a las que se someti\u00f3 el jugador ayer, una microrrotura a nivel de la musculatura isquiotibial que su pierna izquierda. La dolencia que le impedir\u00e1 participar al menos en ese par de compromisos se ha producido como consecuencia de unas molestias que arrastraba el futbolista en la zona y que comunic\u00f3 a los servicios m\u00e9dicos, seg\u00fan ha podido saber Pr\u00edncipes de Paris. En lugar de proceder a un tratamiento que supusiera descanso competitivo, se opt\u00f3 por administrar los esfuerzos del delantero en los encuentros que ha participado. En la primera parte contra el Tenerife sali\u00f3 de titular pero termin\u00f3 por romperse y en el descanso fue sustituido por Iv\u00e1n Az\u00f3n.<\/p>\n","protected":false},"excerpt":{"rendered":"<p>La extensa lista de lesionados del Real Zaragoza durante esta temporada a\u00f1ade un nombre m\u00e1s, la de Mario Sober\u00f3n, que se perder\u00e1 los dos pr\u00f3ximos partidos de Liga, frente al Almer\u00eda en casa y contra el Eldense en la jornada intersemanal del mi\u00e9rcoles 23. El m\u00e1ximo goleador del conjunto aragon\u00e9s <a class=\"read-more\" href=\"https:\/\/principesdeparis.es\/principes\/apurar-con-soberon-tiene-un-precio-dos-partidos-de-baja\/\">Sigue leyendo<\/a><\/p>\n","protected":false},"author":2,"featured_media":16795,"comment_status":"open","ping_status":"open","sticky":false,"template":"","format":"standard","meta":{"footnotes":""},"categories":[13,1],"tags":[],"class_list":["post-16794","post","type-post","status-publish","format-standard","has-post-thumbnail","hentry","category-publicidad","category-real-zaragoza"],"_links":{"self":[{"href":"https:\/\/principesdeparis.es\/principes\/wp-json\/wp\/v2\/posts\/16794","targetHints":{"allow":["GET"]}}],"collection":[{"href":"https:\/\/principesdeparis.es\/principes\/wp-json\/wp\/v2\/posts"}],"about":[{"href":"https:\/\/principesdeparis.es\/principes\/wp-json\/wp\/v2\/types\/post"}],"author":[{"embeddable":true,"href":"https:\/\/principesdeparis.es\/principes\/wp-json\/wp\/v2\/users\/2"}],"replies":[{"embeddable":true,"href":"https:\/\/principesdeparis.es\/principes\/wp-json\/wp\/v2\/comments?post=16794"}],"version-history":[{"count":2,"href":"https:\/\/principesdeparis.es\/principes\/wp-json\/wp\/v2\/posts\/16794\/revisions"}],"predecessor-version":[{"id":17066,"href":"https:\/\/principesdeparis.es\/principes\/wp-json\/wp\/v2\/posts\/16794\/revisions\/17066"}],"wp:featuredmedia":[{"embeddable":true,"href":"https:\/\/principesdeparis.es\/principes\/wp-json\/wp\/v2\/media\/16795"}],"wp:attachment":[{"href":"https:\/\/principesdeparis.es\/principes\/wp-json\/wp\/v2\/media?parent=16794"}],"wp:term":[{"taxonomy":"category","embeddable":true,"href":"https:\/\/principesdeparis.es\/principes\/wp-json\/wp\/v2\/categories?post=16794"},{"taxonomy":"post_tag","embeddable":true,"href":"https:\/\/principesdeparis.es\/principes\/wp-json\/wp\/v2\/tags?post=16794"}],"curies":[{"name":"wp","href":"https:\/\/api.w.org\/{rel}","templated":true}]}}