{"id":16814,"date":"2024-10-17T14:19:17","date_gmt":"2024-10-17T14:19:17","guid":{"rendered":"https:\/\/principesdeparis.es\/principes\/?p=16814"},"modified":"2024-10-17T14:29:34","modified_gmt":"2024-10-17T14:29:34","slug":"donde-colocamos-a-aketxe","status":"publish","type":"post","link":"https:\/\/principesdeparis.es\/principes\/donde-colocamos-a-aketxe\/","title":{"rendered":"\u00bfD\u00f3nde colocamos a Aketxe?"},"content":{"rendered":"<p style=\"text-align: center;\"><em><strong>La posici\u00f3n de extremo impuesta al mediapunta para conservar el 1-4-4-2 nublan al equipo y al jugador, cuyas virtudes se ajustan m\u00e1s al dibujo en rombo, lo que sacrificar\u00eda a Liso, o a situarlo como segundo atacante<\/strong><\/em><\/p>\n<p>Desde que Ager Aketxe se estren\u00f3 como titular &#8211;ya hab\u00eda disputado unos minutos en C\u00e1diz, donde hizo el cuarto gol&#8211;, el Real Zaragoza ha perdido dos partidos, contra el Sporting y el Racing&#8211; y ha ganado uno despu\u00e9s de ir 2-0 por detr\u00e1s en el marcador frente a diez y remontar por la fe de un equipo que se motiva ante los abismos. No es que el vizca\u00edno sea culpable directo de esta minicrisis de juego, pero en los tres encuentros apenas se le ha visto despuntar situado de extremo libre de obligaciones en un sistema que V\u00edctor Fern\u00e1ndez, por el momento, no negocia. Con el 1-4-4-2, de una u otra forma, el conjunto aragon\u00e9s est\u00e1 en posici\u00f3n de ascenso directo, pero ni Aketxe ni el Real Zaragoza han sido felices con actuaciones desdibujadas. V\u00edctor Fern\u00e1ndez entiende que el futbolista es la estrella del proyecto y debe estar en el once, m\u00e1s aun tras las decepcionantes participaciones de Adu Ares, pero por cuesti\u00f3n de naturaleza y de un estado f\u00edsico condicionado por la falta de pretemporada y por la lesi\u00f3n que sufri\u00f3, el ex del \u00c9ibar no ha mostrado sus principales virtudes.<\/p>\n<p>Bermejo empez\u00f3 por la banda derecha, Liso apareci\u00f3 durante algunos minutos, Ares deambul\u00f3 y Pau Sans ha sido el m\u00e1s productivo de todos desde la suplencia, si bien el canterano es un delantero para atacar parcelas centrales con su atrevida vericalidad. Aketxe tiende por estrategia a desplazarse a zonas interiores para contactar m\u00e1s con el bal\u00f3n y abrir el pasillo para Calero. No ha podido filtrar balones, ni activar su poderosa zurda para el disparo. En las faltas que ha ejecutado ha estado impreciso y ha fallado un penalti crucial para haber salvado un punto ante el Racing. Se le nota inc\u00f3modo y martirizado por el repliegue defensivo, algo que nunca ha llevado bien en su carrera. Resolver este problema para ver al mejor Aketxe es un tema muy complicado si el t\u00e9cnico contin\u00faa jugando con su sistema de cabecera, que incluye dos delanteros , dos hombres ocup\u00e1ndose del mediocentro y otro par en las orillas ofensivas.<\/p>\n<p>Por las caracter\u00edsticas de esta plantilla, para que Aketxe se aproxime a su plenitud de prestaciones, V\u00edctor tendr\u00eda que renunciar a su plan maestro. O confiar en que, con el tiempo, se vaya adaptando a ese espacio del campo sin grilletes posicionales. Lo segundo es lo m\u00e1s probable pese a que el Real Zaragoza haya acusado, y no es casual, la m\u00ednima aportaci\u00f3n de uno de los elementos con m\u00e1s talento individual. Las alternativas para intentar que aumente su brillo ser\u00edan derivar hacia un rombo con \u00e9l de enganche de los dos atacantes y tres centrocampistas por detr\u00e1s, opci\u00f3n que forzar\u00eda en teor\u00eda el sacrificio de Adri\u00e1n Liso. La otra posibilidad, m\u00e1s remota todav\u00eda aun defendiendo el 1-4-4-2, consistir\u00eda en que ejerciera de segundo delantero junto a Bazdar.<\/p>\n<p>Por ahora nada va a cambiar, pero el equipo necesita al Aketxe diferencial para compensar los riesgos de su traslado a una franja del campo demasiado expuesta sin el sacrificio que exige. Su ecosistema est\u00e1 por dentro, lo que busca en no pocas ocasiones por inercia. En la casilla que ocupa su f\u00fatbol es mucho m\u00e1s detectable. No es nada sencillo buscarle un lugar acorde a sus condiciones sin agitar el tablero que en las tres \u00faltimas jornadas, con \u00e9l de inicio, ha sufrido demasiadas fases en blanco.<\/p>\n","protected":false},"excerpt":{"rendered":"<p>La posici\u00f3n de extremo impuesta al mediapunta para conservar el 1-4-4-2 nublan al equipo y al jugador, cuyas virtudes se ajustan m\u00e1s al dibujo en rombo, lo que sacrificar\u00eda a Liso, o a situarlo como segundo atacante Desde que Ager Aketxe se estren\u00f3 como titular &#8211;ya hab\u00eda disputado unos minutos <a class=\"read-more\" href=\"https:\/\/principesdeparis.es\/principes\/donde-colocamos-a-aketxe\/\">Sigue leyendo<\/a><\/p>\n","protected":false},"author":2,"featured_media":16815,"comment_status":"open","ping_status":"open","sticky":false,"template":"","format":"standard","meta":{"footnotes":""},"categories":[13,1],"tags":[],"class_list":["post-16814","post","type-post","status-publish","format-standard","has-post-thumbnail","hentry","category-publicidad","category-real-zaragoza"],"_links":{"self":[{"href":"https:\/\/principesdeparis.es\/principes\/wp-json\/wp\/v2\/posts\/16814","targetHints":{"allow":["GET"]}}],"collection":[{"href":"https:\/\/principesdeparis.es\/principes\/wp-json\/wp\/v2\/posts"}],"about":[{"href":"https:\/\/principesdeparis.es\/principes\/wp-json\/wp\/v2\/types\/post"}],"author":[{"embeddable":true,"href":"https:\/\/principesdeparis.es\/principes\/wp-json\/wp\/v2\/users\/2"}],"replies":[{"embeddable":true,"href":"https:\/\/principesdeparis.es\/principes\/wp-json\/wp\/v2\/comments?post=16814"}],"version-history":[{"count":5,"href":"https:\/\/principesdeparis.es\/principes\/wp-json\/wp\/v2\/posts\/16814\/revisions"}],"predecessor-version":[{"id":16820,"href":"https:\/\/principesdeparis.es\/principes\/wp-json\/wp\/v2\/posts\/16814\/revisions\/16820"}],"wp:featuredmedia":[{"embeddable":true,"href":"https:\/\/principesdeparis.es\/principes\/wp-json\/wp\/v2\/media\/16815"}],"wp:attachment":[{"href":"https:\/\/principesdeparis.es\/principes\/wp-json\/wp\/v2\/media?parent=16814"}],"wp:term":[{"taxonomy":"category","embeddable":true,"href":"https:\/\/principesdeparis.es\/principes\/wp-json\/wp\/v2\/categories?post=16814"},{"taxonomy":"post_tag","embeddable":true,"href":"https:\/\/principesdeparis.es\/principes\/wp-json\/wp\/v2\/tags?post=16814"}],"curies":[{"name":"wp","href":"https:\/\/api.w.org\/{rel}","templated":true}]}}