{"id":16822,"date":"2024-10-19T11:21:47","date_gmt":"2024-10-19T11:21:47","guid":{"rendered":"https:\/\/principesdeparis.es\/principes\/?p=16822"},"modified":"2024-10-19T11:22:17","modified_gmt":"2024-10-19T11:22:17","slug":"victor-fernandez-el-equipo-es-joven-e-irregular-peor-no-voy-a-renunciar-a-mi-estilo-ni-a-su-valentia","status":"publish","type":"post","link":"https:\/\/principesdeparis.es\/principes\/victor-fernandez-el-equipo-es-joven-e-irregular-peor-no-voy-a-renunciar-a-mi-estilo-ni-a-su-valentia\/","title":{"rendered":"V\u00edctor Fern\u00e1ndez: \u00abEl equipo es joven e irregular, pero no voy a renunciar a mi estilo ni a su valent\u00eda\u00bb"},"content":{"rendered":"<p><strong>El ataque sin Sober\u00f3n:<\/strong> \u00abS\u00e9 c\u00f3mo jugaremos de inicio, pero tengo que preparar tambi\u00e9n nuestras opciones a lo largo del partido con alternativas\u00bb.<\/p>\n<p><strong>Malos inicios:<\/strong> \u00abContra el Tenerife nos equivocamos mucho. Tenemos que ajustarlo. No ser\u00e1 f\u00e1cil porque somos un equipo muy joven, y eso implica irregularidad. Sin embargo la acompa\u00f1a el atrevimiento y la energ\u00eda. Vamos a convivir mucho con ese acento, pero no debemos dar las facilidades que dimos contra el Tenerife al margen de la edad del equipo porque eso supone sobreesfuerzos muy grandes\u00bb.<\/p>\n<p><strong>Lo que m\u00e1s le gusta o lo que menos.<\/strong> \u00abMe gustar\u00eda ser un equipo m\u00e1s uniforme, pero la categor\u00eda no lo facilita ni en el rendimiento de un partido ni de una semana a otra. \u00bfPor qu\u00e9? Por la propia categor\u00eda y su igualdad. El pron\u00f3stico est\u00e1 abierto a todo, y ya se vio en Tenerife donde estuvimos en el abismo. Lo mejor es la mentalidad del equipo, que nunca se rinde y es valiente, que busca ganar salgan o no las cosas. No nos hemos instalado en la depresi\u00f3n sino todo lo contrario. Tenemos muchas imperfecciones, algo com\u00fan a todos los equipos, y muchos registros y riquezas. En general es para estar contentos porque se han incorporando muchos jugadores que se van adaptando bien. Adem\u00e1s estamos arriba\u00bb.<\/p>\n<p><strong>El Almer\u00eda:<\/strong> \u00abNosotros jugaremos a los nuestros, asumiendo riesgos dentro de nuestro estilo. El Almer\u00eda tiene las mejores individualidades del campeonato con un potencial goleador de los mejores.\u00a0 Se puede dar un gran partido. En en un principio invita a un intercambio de golpes aunque no beneficia a ninguno de los dos. Lo que tengo clar\u00edsimo es que nos va a exigir una concentraci\u00f3n innegociable. Necesitamos jugar m\u00e1s que nunca con mentalidad colectiva\u00bb.<\/p>\n<p><strong>Los goles en contra:<\/strong> \u00abSi gano estoy feliz. No puedo elegir la forma de ganar. Tampoco voy a renunciar a los principios de este equipo. Los dos goles del Tenerife son muy evitables, y eso hemos de corregirlo. Me gustar\u00eda equilibrio para estar arriba, algo que hemos hecho a excepci\u00f3n de los dos \u00faltimos partidos\u00bb.<\/p>\n<p><strong>Az\u00f3n:<\/strong> \u00abValoro la entrada de cualquiera. Az\u00f3n es de los pocos que siempre juega y lo har\u00e1 el domingo. Nos ha dado siempre soluciones desde el banquillo, como la mayor\u00eda que ha entrado\u00bb.<\/p>\n<p><strong>Luis Su\u00e1rez:<\/strong> \u00abEs un chico fant\u00e1stico, uno de los mejores jugadores de la categor\u00eda. Vino casi como un ni\u00f1o. Fue muy valioso y creci\u00f3 much\u00edsimo con nosotros hasta convertirse en \u00eddolo de la afici\u00f3n. \u00c9l conoce La Romareda y ser\u00e1 un partido complicado para \u00e9l a nivel emocional y futbol\u00edstico.\u00a0 No pudimos contra con \u00e9l ni con Puado tras la pandemia. Seguro que tendr\u00e1 el reconocimiento de la afici\u00f3n y el m\u00edo\u00bb.<\/p>\n<p><strong>Cinco partidos en doce d\u00edas:<\/strong> \u00abAhora mismo ni me planteo la palabra rotaci\u00f3n porque hay mucha igualdad en la plantilla. Habr\u00e1 cambios ma\u00f1ana y el mi\u00e9rcoles en funci\u00f3n del rival y de nuestras necesidades. Esa competitividad en el grupo me permite variar la alineaci\u00f3n. Somos el \u00fanico equipo que vamos a jugar tres partidos con un intervalo de 48 horas, y eso es una incongruencia de la que salimos perjudicados. Pero hay que jugar y no utilizarlo como excusa\u00bb.<\/p>\n<p><strong>Pau Sans y su rol:<\/strong> \u00abUna cosa es d\u00f3nde lo ves y otra d\u00f3nde tiene m\u00e1s opciones de jugar. Sale en la derecha, pero nunca ha jugado en esa posici\u00f3n. Es m\u00e1s un segundo punta, pero f\u00edjate los futbolistas que tenemos en esa posici\u00f3n. Mar\u00ed, Aketxe, Bazdar, Bermejo, Sober\u00f3n&#8230; Lo importante es que donde juegue lo haga bien.\u00a0 Ha dado un salto cualitativo muy importante\u00bb.<\/p>\n<p>&nbsp;<\/p>\n","protected":false},"excerpt":{"rendered":"<p>El ataque sin Sober\u00f3n: \u00abS\u00e9 c\u00f3mo jugaremos de inicio, pero tengo que preparar tambi\u00e9n nuestras opciones a lo largo del partido con alternativas\u00bb. Malos inicios: \u00abContra el Tenerife nos equivocamos mucho. Tenemos que ajustarlo. No ser\u00e1 f\u00e1cil porque somos un equipo muy joven, y eso implica irregularidad. Sin embargo la <a class=\"read-more\" href=\"https:\/\/principesdeparis.es\/principes\/victor-fernandez-el-equipo-es-joven-e-irregular-peor-no-voy-a-renunciar-a-mi-estilo-ni-a-su-valentia\/\">Sigue leyendo<\/a><\/p>\n","protected":false},"author":2,"featured_media":16828,"comment_status":"open","ping_status":"open","sticky":false,"template":"","format":"standard","meta":{"footnotes":""},"categories":[13,1],"tags":[],"class_list":["post-16822","post","type-post","status-publish","format-standard","has-post-thumbnail","hentry","category-publicidad","category-real-zaragoza"],"_links":{"self":[{"href":"https:\/\/principesdeparis.es\/principes\/wp-json\/wp\/v2\/posts\/16822","targetHints":{"allow":["GET"]}}],"collection":[{"href":"https:\/\/principesdeparis.es\/principes\/wp-json\/wp\/v2\/posts"}],"about":[{"href":"https:\/\/principesdeparis.es\/principes\/wp-json\/wp\/v2\/types\/post"}],"author":[{"embeddable":true,"href":"https:\/\/principesdeparis.es\/principes\/wp-json\/wp\/v2\/users\/2"}],"replies":[{"embeddable":true,"href":"https:\/\/principesdeparis.es\/principes\/wp-json\/wp\/v2\/comments?post=16822"}],"version-history":[{"count":4,"href":"https:\/\/principesdeparis.es\/principes\/wp-json\/wp\/v2\/posts\/16822\/revisions"}],"predecessor-version":[{"id":16831,"href":"https:\/\/principesdeparis.es\/principes\/wp-json\/wp\/v2\/posts\/16822\/revisions\/16831"}],"wp:featuredmedia":[{"embeddable":true,"href":"https:\/\/principesdeparis.es\/principes\/wp-json\/wp\/v2\/media\/16828"}],"wp:attachment":[{"href":"https:\/\/principesdeparis.es\/principes\/wp-json\/wp\/v2\/media?parent=16822"}],"wp:term":[{"taxonomy":"category","embeddable":true,"href":"https:\/\/principesdeparis.es\/principes\/wp-json\/wp\/v2\/categories?post=16822"},{"taxonomy":"post_tag","embeddable":true,"href":"https:\/\/principesdeparis.es\/principes\/wp-json\/wp\/v2\/tags?post=16822"}],"curies":[{"name":"wp","href":"https:\/\/api.w.org\/{rel}","templated":true}]}}