{"id":16832,"date":"2024-10-20T09:12:35","date_gmt":"2024-10-20T09:12:35","guid":{"rendered":"https:\/\/principesdeparis.es\/principes\/?p=16832"},"modified":"2024-10-20T09:12:35","modified_gmt":"2024-10-20T09:12:35","slug":"abos-en-la-montana","status":"publish","type":"post","link":"https:\/\/principesdeparis.es\/principes\/abos-en-la-montana\/","title":{"rendered":"Ab\u00f3s en la monta\u00f1a"},"content":{"rendered":"<p class=\"article-body__text article-body__text--entry article-body__text-middle\" style=\"text-align: center;\"><em><strong>Hoy se cumplen diez a\u00f1os del fallecimiento del que fuera singular y admirado entrenador del Basket Zaragoza. \u00abSer\u00eda muy duro pensar que vives sin que nadie te quiera\u00bb, dijo en una ocasi\u00f3n en una entrevista. Pepelu ha conseguido que quienes le despidieron en aquel\u00a0 desgarrador octubre de 2014 le sigan queriendo m\u00e1s all\u00e1 de la \u00faltima frontera de la vida, en el tiempo congelado\u00a0 donde nunca se pone el sol. (Recupero el texto que publiqu\u00e9 entonces en el Peri\u00f3dico de Arag\u00f3n como nuevo y modesto homenaje a su figura, a \u00e9l).<\/strong><\/em><\/p>\n<p class=\"article-body__text article-body__text--entry article-body__text-middle\">Jos\u00e9 Luis Ab\u00f3s ha dejado el pabell\u00f3n muy alto como ser humano y como entrenador. Hoy las esquelas destacan su nombre y las l\u00e1grimas rojas de la Marea y de la familia ca\u00edsta humedecen las calles de su ciudad cual manto inconsolable. Tambi\u00e9n se apodera el coraje de quien, sin estar tan pr\u00f3ximo a su biograf\u00eda, siente la aflicci\u00f3n de su marcha prematura. El dolor es un propiedad personal a quien cada uno pone fecha de caducidad cuando lo considera oportuno o el tiempo se lo permite. El luto es otra cosa y, desde luego, por Pepelu el cresp\u00f3n negro no deber\u00eda conservarse m\u00e1s all\u00e1 del protocolo necesario.<\/p>\n<div class=\"article-body--seo-closed\">\n<p class=\"article-body__text \">Ab\u00f3s cumpli\u00f3 su sue\u00f1o. Muy pocos pueden decir que han alcanzado ese techo de la vida. La crueldad de la enfermedad y su grosera descortes\u00eda no logran desfigurar la estampa de un triunfador consigo mismo. La tristeza debe quedar as\u00ed alambrada en el lugar que le corresponde, sin que, en ning\u00fan momento, desplace de este valle la belleza de los paisajes \u00edntimos. Apasionado de su profesi\u00f3n, alegre e inteligente, el t\u00e9cnico acept\u00f3 el reto de la aventura del primer al \u00faltimo cuarto de su rica existencia. Y gan\u00f3. Puede que hablemos de la plenitud aunque ahora la mano de la partida la tenga el sufrimiento<\/p>\n<p class=\"article-body__text \">Hay gente mucho m\u00e1s cualificada y documentada para hablar y glosar sus valores. De ellos sobresal\u00eda uno en su patrimonio gestual que amansaba la resistencia de los corazones con quienes entablaba amistad o una m\u00ednima aproximaci\u00f3n. Su sonrisa de medio lado, sincera y c\u00f3mplice, era la de un seductor convencido de la conquista, bautizado por la felicidad. Esa sonrisa de ala ancha, forjada en gran parte sobre el yunque del penitente, contagiaba bienestar, sabidur\u00eda y humanidad.<\/p>\n<p class=\"article-body__text \">Algunas derrotas como esta hay que observarlas con perspectiva para descubrir hasta qu\u00e9 punto la muerte ha triunfado. Por su puesto ha hecho su trabajo cotidiano, la de recoger almas a granel sin detenerse a comprobar el tama\u00f1o de la huella de sus v\u00edctimas. Jos\u00e9 Luis Ab\u00f3s busc\u00f3 la m\u00e1xima amplitud de su latido y transmiti\u00f3 esa onda entusiasta con explosiva sencillez, con mesura. Sonre\u00edr como lo hac\u00eda no es sencillo. Pero deber\u00edamos intentarlo para hollar la monta\u00f1a sobre la que ahora nos contempla radiante, ajeno al valle de la sombra.<\/p>\n<\/div>\n","protected":false},"excerpt":{"rendered":"<p>Hoy se cumplen diez a\u00f1os del fallecimiento del que fuera singular y admirado entrenador del Basket Zaragoza. \u00abSer\u00eda muy duro pensar que vives sin que nadie te quiera\u00bb, dijo en una ocasi\u00f3n en una entrevista. Pepelu ha conseguido que quienes le despidieron en aquel\u00a0 desgarrador octubre de 2014 le sigan <a class=\"read-more\" href=\"https:\/\/principesdeparis.es\/principes\/abos-en-la-montana\/\">Sigue leyendo<\/a><\/p>\n","protected":false},"author":2,"featured_media":16833,"comment_status":"open","ping_status":"open","sticky":false,"template":"","format":"standard","meta":{"footnotes":""},"categories":[15,13],"tags":[],"class_list":["post-16832","post","type-post","status-publish","format-standard","has-post-thumbnail","hentry","category-otros-temas","category-publicidad"],"_links":{"self":[{"href":"https:\/\/principesdeparis.es\/principes\/wp-json\/wp\/v2\/posts\/16832","targetHints":{"allow":["GET"]}}],"collection":[{"href":"https:\/\/principesdeparis.es\/principes\/wp-json\/wp\/v2\/posts"}],"about":[{"href":"https:\/\/principesdeparis.es\/principes\/wp-json\/wp\/v2\/types\/post"}],"author":[{"embeddable":true,"href":"https:\/\/principesdeparis.es\/principes\/wp-json\/wp\/v2\/users\/2"}],"replies":[{"embeddable":true,"href":"https:\/\/principesdeparis.es\/principes\/wp-json\/wp\/v2\/comments?post=16832"}],"version-history":[{"count":1,"href":"https:\/\/principesdeparis.es\/principes\/wp-json\/wp\/v2\/posts\/16832\/revisions"}],"predecessor-version":[{"id":16834,"href":"https:\/\/principesdeparis.es\/principes\/wp-json\/wp\/v2\/posts\/16832\/revisions\/16834"}],"wp:featuredmedia":[{"embeddable":true,"href":"https:\/\/principesdeparis.es\/principes\/wp-json\/wp\/v2\/media\/16833"}],"wp:attachment":[{"href":"https:\/\/principesdeparis.es\/principes\/wp-json\/wp\/v2\/media?parent=16832"}],"wp:term":[{"taxonomy":"category","embeddable":true,"href":"https:\/\/principesdeparis.es\/principes\/wp-json\/wp\/v2\/categories?post=16832"},{"taxonomy":"post_tag","embeddable":true,"href":"https:\/\/principesdeparis.es\/principes\/wp-json\/wp\/v2\/tags?post=16832"}],"curies":[{"name":"wp","href":"https:\/\/api.w.org\/{rel}","templated":true}]}}