{"id":16835,"date":"2024-10-20T15:31:10","date_gmt":"2024-10-20T15:31:10","guid":{"rendered":"https:\/\/principesdeparis.es\/principes\/?p=16835"},"modified":"2024-10-20T16:13:30","modified_gmt":"2024-10-20T16:13:30","slug":"moya-liso-y-azon-entran-frente-al-almeria","status":"publish","type":"post","link":"https:\/\/principesdeparis.es\/principes\/moya-liso-y-azon-entran-frente-al-almeria\/","title":{"rendered":"Moya, Liso y Az\u00f3n entran frente al Almer\u00eda"},"content":{"rendered":"<p>El Real Zaragoza presenta dos novedades por decisi\u00f3n t\u00e9cnica y una por obligaci\u00f3n en el partido de estar tarde contra la UD Almer\u00eda. <strong>V\u00edctor Fern\u00e1ndez estrena doble pivote con la pareja formada por Keidi Bare y Toni Moya<\/strong>, quien acompa\u00f1a por primera vez al alban\u00e9s de inicio. <strong>Liso regresa al carril izquierdo<\/strong> tras su ausencia en Tenerife a favor de Adu Ares, y en ataque, por la ausencia por lesi\u00f3n de Sober\u00f3n, el m\u00e1ximo realizador del equipo con seis tantos, el t\u00e9cnico ha preferido en esta ocasi\u00f3n\u00a0 a Az\u00f3n, quien debuta de titular esta temporada despu\u00e9s de haber participado en todos los encuentros entrando desde el banquillo. Las duplas Bare-Aguado y Moya Francho dan paso a la novedosa Bare-Moya en la b\u00fasqueda de una compa\u00f1\u00eda definitiva o al menos prolongada para el jugador alban\u00e9s.<\/p>\n<p><strong>Az\u00f3n, que no aparec\u00eda en la alineaci\u00f3n desde la \u00faltima jornada del curso pasada frente al Albacete, ha sido el elegido por delante de Alberto Mar\u00ed,<\/strong> futbolista en quien el entrenador hab\u00eda depositado su confianza cuando ha cambiado la pareja atacante. Las buenas o notables aportaciones del canterano, incluido el gol del empate en\u00a0 el Heliodoro Rodr\u00edguez que permiti\u00f3 el empate y la remontada, han avalado esta oportunidad que se le concede tambi\u00e9n por la baja de Sober\u00f3n. Asimismo, V\u00edctor, despu\u00e9s de conceder a <strong>Ares una nueva posibilidad de reivindicarse en el once que el vizca\u00edno no aprovech\u00f3<\/strong>, rescata a Liso, imprescindible en el extremo zurdo.<\/p>\n<p>El encuentro, con la defensa de la segunda plaza para el conjunto aragon\u00e9s en juego, enfrenta a dos bloques en las ant\u00edpodas: <strong>un Real Zaragoza discutiendo los puestos m\u00e1s altos de la tabla con la mejor artiller\u00eda de Segunda\u00a0<\/strong> (16 tantos junto a Racing, Castell\u00f3n y Granada, estos con un partido m\u00e1s) y un <strong>Almer\u00eda roto, en posici\u00f3n de descenso<\/strong>, pese a su gran\u00a0 potencial econ\u00f3mico y una de las mejores plantillas del torneo. Las tiranteces internas, la depresi\u00f3n del descenso de Primera y una defensa desnuda (es la m\u00e1s goleada de la competici\u00f3n con 18 dianas) han conducido al equipo andaluz a los bajos fondos, con un rendimiento general muy pobre. Sin embargo, dispone de <strong>una bater\u00eda ofensiva amenazante con Arribas, Leo Baptistao y, c\u00f3mo no, el exzaragocista Luis Su\u00e1rez.<\/strong> El colombiano lleva cinco aciertos ante las porter\u00edas rivales, con un doblete hace una semana en el Carlos Tartiere.<\/p>\n<p><strong>Rubi se ve obligado a cambiar el titular de la porter\u00eda por la lesi\u00f3n de Maximiamo. Estar\u00e1 Fernando<\/strong>, mientras que en defensa <strong>Edgar entra por Radovanovic,<\/strong> expulsado en Oviedo, y<strong> Bruno Langa<\/strong> por Centelles. <strong>Melero y Arribas<\/strong> relevan a Puigmal y Lopy en el centro del campo para completar un total de cinco variantes en el Almer\u00eda.<\/p>\n<p>La alineaci\u00f3n de la UD Almer\u00eda<\/p>\n<blockquote class=\"twitter-tweet\">\n<p dir=\"ltr\" lang=\"es\">&#x1f4cb; \u00a1Nuestra alineaci\u00f3n para enfrentarnos al <a href=\"https:\/\/twitter.com\/RealZaragoza?ref_src=twsrc%5Etfw\">@RealZaragoza<\/a>!<a href=\"https:\/\/twitter.com\/hashtag\/VamosAlmer%C3%ADa?src=hash&amp;ref_src=twsrc%5Etfw\">#VamosAlmer\u00eda<\/a> &#x1f534;&#x26aa;&#xfe0f; | <a href=\"https:\/\/twitter.com\/hashtag\/RealZaragozaAlmer%C3%ADa?src=hash&amp;ref_src=twsrc%5Etfw\">#RealZaragozaAlmer\u00eda<\/a> &#x2694;&#xfe0f; | <a href=\"https:\/\/twitter.com\/hashtag\/UDARadio?src=hash&amp;ref_src=twsrc%5Etfw\">#UDARadio<\/a> &#x1f4fb; <a href=\"https:\/\/t.co\/bMCCIrZTKJ\">pic.twitter.com\/bMCCIrZTKJ<\/a><\/p>\n<p>\u2014 UD Almer\u00eda (@U_D_Almeria) <a href=\"https:\/\/twitter.com\/U_D_Almeria\/status\/1848022110150550004?ref_src=twsrc%5Etfw\">October 20, 2024<\/a><\/p><\/blockquote>\n<p><script async src=\"https:\/\/platform.twitter.com\/widgets.js\" charset=\"utf-8\"><\/script><\/p>\n","protected":false},"excerpt":{"rendered":"<p>El Real Zaragoza presenta dos novedades por decisi\u00f3n t\u00e9cnica y una por obligaci\u00f3n en el partido de estar tarde contra la UD Almer\u00eda. V\u00edctor Fern\u00e1ndez estrena doble pivote con la pareja formada por Keidi Bare y Toni Moya, quien acompa\u00f1a por primera vez al alban\u00e9s de inicio. Liso regresa al <a class=\"read-more\" href=\"https:\/\/principesdeparis.es\/principes\/moya-liso-y-azon-entran-frente-al-almeria\/\">Sigue leyendo<\/a><\/p>\n","protected":false},"author":2,"featured_media":16837,"comment_status":"open","ping_status":"open","sticky":false,"template":"","format":"standard","meta":{"footnotes":""},"categories":[13,1],"tags":[],"class_list":["post-16835","post","type-post","status-publish","format-standard","has-post-thumbnail","hentry","category-publicidad","category-real-zaragoza"],"_links":{"self":[{"href":"https:\/\/principesdeparis.es\/principes\/wp-json\/wp\/v2\/posts\/16835","targetHints":{"allow":["GET"]}}],"collection":[{"href":"https:\/\/principesdeparis.es\/principes\/wp-json\/wp\/v2\/posts"}],"about":[{"href":"https:\/\/principesdeparis.es\/principes\/wp-json\/wp\/v2\/types\/post"}],"author":[{"embeddable":true,"href":"https:\/\/principesdeparis.es\/principes\/wp-json\/wp\/v2\/users\/2"}],"replies":[{"embeddable":true,"href":"https:\/\/principesdeparis.es\/principes\/wp-json\/wp\/v2\/comments?post=16835"}],"version-history":[{"count":10,"href":"https:\/\/principesdeparis.es\/principes\/wp-json\/wp\/v2\/posts\/16835\/revisions"}],"predecessor-version":[{"id":16846,"href":"https:\/\/principesdeparis.es\/principes\/wp-json\/wp\/v2\/posts\/16835\/revisions\/16846"}],"wp:featuredmedia":[{"embeddable":true,"href":"https:\/\/principesdeparis.es\/principes\/wp-json\/wp\/v2\/media\/16837"}],"wp:attachment":[{"href":"https:\/\/principesdeparis.es\/principes\/wp-json\/wp\/v2\/media?parent=16835"}],"wp:term":[{"taxonomy":"category","embeddable":true,"href":"https:\/\/principesdeparis.es\/principes\/wp-json\/wp\/v2\/categories?post=16835"},{"taxonomy":"post_tag","embeddable":true,"href":"https:\/\/principesdeparis.es\/principes\/wp-json\/wp\/v2\/tags?post=16835"}],"curies":[{"name":"wp","href":"https:\/\/api.w.org\/{rel}","templated":true}]}}