{"id":16877,"date":"2024-10-22T12:58:12","date_gmt":"2024-10-22T12:58:12","guid":{"rendered":"https:\/\/principesdeparis.es\/principes\/?p=16877"},"modified":"2024-10-22T12:58:12","modified_gmt":"2024-10-22T12:58:12","slug":"victor-fernandez-necesitamos-solidez-defensiva","status":"publish","type":"post","link":"https:\/\/principesdeparis.es\/principes\/victor-fernandez-necesitamos-solidez-defensiva\/","title":{"rendered":"V\u00edctor Fern\u00e1ndez: \u00abNecesitamos solidez defensiva\u00bb"},"content":{"rendered":"<p><strong>Parte m\u00e9dico:<\/strong> \u00abDejamos un futbolista sin convocar. Tasende es baja y recuperamos de su cansancio muscular a Toni Moya. Los dem\u00e1s est\u00e1n todos perfectamente salvo Sober\u00f3n y Borge\u00bb.<\/p>\n<p><strong>A jugar:<\/strong> \u00abEn el aspecto mental nos viene bien otro partido r\u00e1pido para no instalarse en la decepci\u00f3n. Uno solo puede pensar en otra oportunidad frente a un rival muy competitivo, con mucha velocidad por fuera. Un partido complicado, nada diferente a los dem\u00e1s\u00bb.<\/p>\n<p><strong>La flojera defensiva:<\/strong> \u00abEs evidente que al equipo le falta mucha solidez, sobre todo en los \u00faltimos partidos. Hoy ha sido un ensayo corto, m\u00e1s pendientes del v\u00eddeo y hemos puesto el foco en esa consistencia que hemos perdido y en ganar duelos. No puede ser siete goles encajados en tres partidos. Por contra hemos metidos seis, pero sin ser fruct\u00edferos en puntos. Estamos arriesgando para remontar. Ojal\u00e1 los cambios sean para defender un resultado\u00bb.<\/p>\n<p><strong>Fe:<\/strong> \u00abYo sigo creyendo en lo que estamos haciendo con m\u00e1xima confianza en mis jugadores, que est\u00e1n demostrando una actitud de superaci\u00f3n. Se trata de minimizar los errores y ser m\u00e1s homog\u00e9neos en el aspecto defensivo\u00bb.<\/p>\n<p><strong>El sistema:<\/strong> \u00abSe pueden hacer muchas modificaciones&#8230; En ese sentido algo haremos, fundamentalmente porque viene un carrusel de partidos. Hay muchas razones, f\u00edsicas, la busca de solidez, el viaje, el corto espacio de tiempo y, la m\u00e1s importante, que tengo absoluta confianza en todos como se ha visto en todos los encuentros. Con la sangr\u00eda de goles, tenemos que tomar decisiones\u00bb.<\/p>\n<p><strong>Az\u00f3n y Pau Sans:<\/strong> \u00abNo voy adelantar mi plan de cara al partido. Son dos jugadores que est\u00e1n en muy buen momento, y por lo tanto est\u00e1n aptos, Iv\u00e1n lo hizo muy bien. Ha demostrado que lo hace bien jugando en el segundo tiempo y de inicio, como lo hab\u00eda demostrado la temporada pasada. Pau Sans est\u00e1 mucho mejor y tendr\u00e1 su oportunidad. Me deja tranquilo que puede ser titular o no ma\u00f1ana. La racha de los jugadores no hay que cortarlas sino alimentarlas\u00bb.<\/p>\n<p><strong>Cambios de posici\u00f3n:<\/strong> \u00abPuede ser. Adri\u00e1n Liso lleva diez partidos y no ha marcado un gol tan ca\u00eddo a banda. Incluso centrar algo mas a Aketxe. Lo estamos pensando\u00bb.<\/p>\n<p><strong>Los que menos juegan:<\/strong> \u00abSi pongo a Gori, me gustar\u00eda que me dijeran a qui\u00e9n quito. Todos no caben. Para que uno tenga oportunidades tienes que restar participaci\u00f3n a otros. Lo seguro es que todos tendr\u00e1n su oportunidad\u00bb.<\/p>\n<p><strong>Cuesta contra los equipos fuertes:<\/strong> \u00abContra el Almer\u00eda hubo una cosa que me impacto, y es que tiene cinco individualidades brutales, caso de Luis S\u00faarez y Melamed. No podemos acercarnos a eso. Sin embargo a nivel de equipo no tengo esa sensaci\u00f3n de diferencia. El partido pudo acabar perfectamente en empate. Lo el Racing&#8230; Tiene los mismos jugadores del a\u00f1o pasado y cre\u00eda ya que iba a ascender, y fuimos nosotros y les quemamos la fiesta. Luego perdieron con el Villarreal B. Han ganado los cinco partidos de visitantes y no es casualidad sino continuidad, jugando siempre con los mismos. No s\u00e9 si agunatar\u00e1n as\u00ed\u00bb.<\/p>\n<p><strong>Ager Aketxe:<\/strong> \u00abDos puntos importantes. Uno, no lo conoc\u00e9is como es ese chico. Es fundamental la autocr\u00edtica y \u00e9l es muy severo consigo mismo porque no est\u00e1 demostrando lo que tiene. A pesar de que es nuestro veterano, es un reci\u00e9n incorporado, no hizo prtemporada y se lesion\u00f3. El domingo \u00e9l mismo me dijo que no estuvo bien. No le puedes pedir que defienda como Calero. \u00c9l lo sabe y como se le recupera es jugando. No podemos dudar de Aketxe. Est\u00e1 jugando donde lo ha hecho en los \u00faltimos a\u00f1os, ya encontraremos ese Aketxe en esa posici\u00f3n o m\u00e1s centrado\u00bb.<\/p>\n<p><strong>Pesimismo en la parte alta:<\/strong> \u00abIntento no escuchar pero te llega informaci\u00f3n. Tengo una ventaja, que nos conocemos todos y s\u00e9 c\u00f3mo es esta ciudad. Llevamos muchos a\u00f1os de desencanto, pero no podemos acompa\u00f1ar esa desencanto con decepci\u00f3n. Vamos a ver las cosas con positividad. La cr\u00edtica constructiva es muy buena. Hay gente que parece que permanentemente est\u00e1 en contra. Yo voy a pelear por mis armas. Estamos en playoff pero ser\u00e1 importante que lo estemos al final. Vamos a disfrutar de este momento. Vivir en la decepci\u00f3n permanente nos llevar\u00eda a ser un club depresivo. Veo que la realidad es complicada, tampoco cierro los ojos. Lucharemos d\u00e1ndolo todo. En la plantilla no hay desencanto si no determinaci\u00f3n. Luego, la ciudad es como es\u00bb.<\/p>\n","protected":false},"excerpt":{"rendered":"<p>Parte m\u00e9dico: \u00abDejamos un futbolista sin convocar. Tasende es baja y recuperamos de su cansancio muscular a Toni Moya. Los dem\u00e1s est\u00e1n todos perfectamente salvo Sober\u00f3n y Borge\u00bb. A jugar: \u00abEn el aspecto mental nos viene bien otro partido r\u00e1pido para no instalarse en la decepci\u00f3n. Uno solo puede pensar <a class=\"read-more\" href=\"https:\/\/principesdeparis.es\/principes\/victor-fernandez-necesitamos-solidez-defensiva\/\">Sigue leyendo<\/a><\/p>\n","protected":false},"author":2,"featured_media":16878,"comment_status":"open","ping_status":"open","sticky":false,"template":"","format":"standard","meta":{"footnotes":""},"categories":[13,1],"tags":[],"class_list":["post-16877","post","type-post","status-publish","format-standard","has-post-thumbnail","hentry","category-publicidad","category-real-zaragoza"],"_links":{"self":[{"href":"https:\/\/principesdeparis.es\/principes\/wp-json\/wp\/v2\/posts\/16877","targetHints":{"allow":["GET"]}}],"collection":[{"href":"https:\/\/principesdeparis.es\/principes\/wp-json\/wp\/v2\/posts"}],"about":[{"href":"https:\/\/principesdeparis.es\/principes\/wp-json\/wp\/v2\/types\/post"}],"author":[{"embeddable":true,"href":"https:\/\/principesdeparis.es\/principes\/wp-json\/wp\/v2\/users\/2"}],"replies":[{"embeddable":true,"href":"https:\/\/principesdeparis.es\/principes\/wp-json\/wp\/v2\/comments?post=16877"}],"version-history":[{"count":2,"href":"https:\/\/principesdeparis.es\/principes\/wp-json\/wp\/v2\/posts\/16877\/revisions"}],"predecessor-version":[{"id":16880,"href":"https:\/\/principesdeparis.es\/principes\/wp-json\/wp\/v2\/posts\/16877\/revisions\/16880"}],"wp:featuredmedia":[{"embeddable":true,"href":"https:\/\/principesdeparis.es\/principes\/wp-json\/wp\/v2\/media\/16878"}],"wp:attachment":[{"href":"https:\/\/principesdeparis.es\/principes\/wp-json\/wp\/v2\/media?parent=16877"}],"wp:term":[{"taxonomy":"category","embeddable":true,"href":"https:\/\/principesdeparis.es\/principes\/wp-json\/wp\/v2\/categories?post=16877"},{"taxonomy":"post_tag","embeddable":true,"href":"https:\/\/principesdeparis.es\/principes\/wp-json\/wp\/v2\/tags?post=16877"}],"curies":[{"name":"wp","href":"https:\/\/api.w.org\/{rel}","templated":true}]}}