{"id":16882,"date":"2024-10-22T15:31:43","date_gmt":"2024-10-22T15:31:43","guid":{"rendered":"https:\/\/principesdeparis.es\/principes\/?p=16882"},"modified":"2024-10-22T15:48:42","modified_gmt":"2024-10-22T15:48:42","slug":"la-ciudad-es-como-es-y-yo-soy-como-soy","status":"publish","type":"post","link":"https:\/\/principesdeparis.es\/principes\/la-ciudad-es-como-es-y-yo-soy-como-soy\/","title":{"rendered":"La ciudad es como es y yo soy como soy"},"content":{"rendered":"<p>En las ruedas de prensa de V\u00edctor Fern\u00e1ndez se ha hecho habitual que, entre pregunta y pregunta, alg\u00fan periodista le consulte sobre un asunto que al t\u00e9cnico le encantar\u00eda responder y no est\u00e9 en el orden del d\u00eda. En la de hoy, un integrante de su gabinete de prensa le ha interrogado sobre c\u00f3mo es posible que haya tanto pesimismo yendo el equipo en cuarta posici\u00f3n. No hay medio de comunicaci\u00f3n tradicional o auton\u00f3mico que se haya puesto una coma de fatalismo en sus redacciones sobre la situaci\u00f3n actual del equipo, y menos la casa donde trabaja el reportero en cuesti\u00f3n, donde se aplaude hasta con los empastes una derrota como si fuera un triunfo. Si acaso, los m\u00e1s audaces se han atrevido\u00a0 a enumerar datos nada favorables en la \u00faltimas jornadas, con una tendencia general hacia la prudencia y la igualdad de una categor\u00eda que permite varios ases bajo la manga en esta larga partida.<\/p>\n<p>\u00bfD\u00f3nde est\u00e1 entonces el pesimismo? Si se refiere a las redes sociales, donde ciertamente y por ser un espacio ingobernable las cr\u00edticas brotan sin necesidad de abono, es cierto que hay una divisi\u00f3n de opiniones sobre el destino final del equipo y sobre si V\u00edctor Fern\u00e1ndez ha perdido o no el norte. \u00abSoy Fulanito de tal (u @obediente_P\u00e1ez), portavoz de las redes sociales, deber\u00eda presentarse el enviado especial a La Romareda. Pero no, se tira la piedra y se esconde la mano apuntando al tan recurrido entorno. Y V\u00edctor, encantado, ha recogido el guijarro de esta forma: \u00abLa ciudad es como es\u00bb, para luego evitar derrapar por completo con un \u00abes normal que la gente est\u00e9 cansada tras doce a\u00f1os en Segunda\u00bb.\u00a0 La ciudad es como es. \u00bfY c\u00f3mo es esta ciudad, V\u00edctor, que te ha dado fama, fortuna, un plato de sopa diario y el honor de ser pregonero de las Fiestas del Pilar en 1994\u00a0 gracias a una de sus m\u00e1s grandes instituciones, el Real Zaragoza?<\/p>\n<p>Esta ciudad donde casi 29.000 ciudadanos, con mayor o menor holgura econ\u00f3mica, pagan su abono con puntualidad, una generosidad sin l\u00edmites y una capacidad infinita para soportar y perdonar infamias deportivas, viajando muchos miles de kil\u00f3metros para estar junto al equipo haga fr\u00edo o calor en la carretera o en la clasificaci\u00f3n. Consider\u00e1ndote no pocos un \u00eddolo, el \u00fanico entrenador capaz de subir al Real Zaragoza a Primera aunque haya colaborado en alguna oportunidad a situarlo al borde del abismo o a descenderlo. La Copa, la Recopa&#8230; Aqu\u00ed, en la Muy Noble, Muy Heroica, Muy Leal, y en ning\u00fan otro lugar del planeta.\u00a0 Ni siquiera en Madrid.<\/p>\n<p>El f\u00fatbol da cobijo a todo tipo de personajes. Tambi\u00e9n a los ingratos con un carnet de entrenador, no de cardi\u00f3logo o de maestro o de enfermera&#8230; Esta ciudad es como es, lo suficientemente inteligente para desenmascarar a los &#8216;Yo soy como soy&#8217; por mucho periodista deportivo, la profesi\u00f3n con m\u00e1s Judas y menos licenciados por metro cuadrado, que forme parte de una guardia pretoriana tragic\u00f3mica.<\/p>\n","protected":false},"excerpt":{"rendered":"<p>En las ruedas de prensa de V\u00edctor Fern\u00e1ndez se ha hecho habitual que, entre pregunta y pregunta, alg\u00fan periodista le consulte sobre un asunto que al t\u00e9cnico le encantar\u00eda responder y no est\u00e9 en el orden del d\u00eda. En la de hoy, un integrante de su gabinete de prensa le <a class=\"read-more\" href=\"https:\/\/principesdeparis.es\/principes\/la-ciudad-es-como-es-y-yo-soy-como-soy\/\">Sigue leyendo<\/a><\/p>\n","protected":false},"author":2,"featured_media":16885,"comment_status":"open","ping_status":"open","sticky":false,"template":"","format":"standard","meta":{"footnotes":""},"categories":[13,1],"tags":[],"class_list":["post-16882","post","type-post","status-publish","format-standard","has-post-thumbnail","hentry","category-publicidad","category-real-zaragoza"],"_links":{"self":[{"href":"https:\/\/principesdeparis.es\/principes\/wp-json\/wp\/v2\/posts\/16882","targetHints":{"allow":["GET"]}}],"collection":[{"href":"https:\/\/principesdeparis.es\/principes\/wp-json\/wp\/v2\/posts"}],"about":[{"href":"https:\/\/principesdeparis.es\/principes\/wp-json\/wp\/v2\/types\/post"}],"author":[{"embeddable":true,"href":"https:\/\/principesdeparis.es\/principes\/wp-json\/wp\/v2\/users\/2"}],"replies":[{"embeddable":true,"href":"https:\/\/principesdeparis.es\/principes\/wp-json\/wp\/v2\/comments?post=16882"}],"version-history":[{"count":7,"href":"https:\/\/principesdeparis.es\/principes\/wp-json\/wp\/v2\/posts\/16882\/revisions"}],"predecessor-version":[{"id":16890,"href":"https:\/\/principesdeparis.es\/principes\/wp-json\/wp\/v2\/posts\/16882\/revisions\/16890"}],"wp:featuredmedia":[{"embeddable":true,"href":"https:\/\/principesdeparis.es\/principes\/wp-json\/wp\/v2\/media\/16885"}],"wp:attachment":[{"href":"https:\/\/principesdeparis.es\/principes\/wp-json\/wp\/v2\/media?parent=16882"}],"wp:term":[{"taxonomy":"category","embeddable":true,"href":"https:\/\/principesdeparis.es\/principes\/wp-json\/wp\/v2\/categories?post=16882"},{"taxonomy":"post_tag","embeddable":true,"href":"https:\/\/principesdeparis.es\/principes\/wp-json\/wp\/v2\/tags?post=16882"}],"curies":[{"name":"wp","href":"https:\/\/api.w.org\/{rel}","templated":true}]}}