{"id":16896,"date":"2024-10-23T10:49:27","date_gmt":"2024-10-23T10:49:27","guid":{"rendered":"https:\/\/principesdeparis.es\/principes\/?p=16896"},"modified":"2024-10-23T11:46:56","modified_gmt":"2024-10-23T11:46:56","slug":"tasende-se-perdera-al-manos-cuatro-partidos-por-una-rotura-en-el-soleo","status":"publish","type":"post","link":"https:\/\/principesdeparis.es\/principes\/tasende-se-perdera-al-manos-cuatro-partidos-por-una-rotura-en-el-soleo\/","title":{"rendered":"Tasende se perder\u00e1 cuatro partidos por una rotura en el s\u00f3leo"},"content":{"rendered":"<p>Daniel Tasende se perder\u00e1 al menos los pr\u00f3ximos cuatro encuentros del Real Zaragoza, incluido el de esta tarde en Elda, como consecuencia de una lesi\u00f3n de grado I a nivel del s\u00f3leo de su pierna izquierda, seg\u00fan recogen los resultados de las pruebas a las que ha sido sometido el lateral zurdo. El jugador tuvo que abandonar el encuentro frente al Almer\u00eda en la primera mitad tras sufrir un pinchazo en el gemelo. La aglomeraci\u00f3n de encuentros entre esta semana y la que viene impedir\u00e1n al futbolista estar presente, como m\u00ednimo, frente al Castell\u00f3n, en la Copa contra el L&#8217;Hospitalet y en el siguiente compromiso de Liga frente al Granada en La Romareda. Tasende sufri\u00f3 una lesi\u00f3n en el tobillo de la que se recuper\u00f3 a tiempo antes de visitar al Sporting en El Molin\u00f3n. Clemente ocup\u00f3 su puesto en el once, pero la expulsi\u00f3n del canterano forz\u00f3 la entrada del gallego en la segunda parte.<\/p>\n","protected":false},"excerpt":{"rendered":"<p>Daniel Tasende se perder\u00e1 al menos los pr\u00f3ximos cuatro encuentros del Real Zaragoza, incluido el de esta tarde en Elda, como consecuencia de una lesi\u00f3n de grado I a nivel del s\u00f3leo de su pierna izquierda, seg\u00fan recogen los resultados de las pruebas a las que ha sido sometido el <a class=\"read-more\" href=\"https:\/\/principesdeparis.es\/principes\/tasende-se-perdera-al-manos-cuatro-partidos-por-una-rotura-en-el-soleo\/\">Sigue leyendo<\/a><\/p>\n","protected":false},"author":2,"featured_media":16897,"comment_status":"open","ping_status":"open","sticky":false,"template":"","format":"standard","meta":{"footnotes":""},"categories":[13,1],"tags":[],"class_list":["post-16896","post","type-post","status-publish","format-standard","has-post-thumbnail","hentry","category-publicidad","category-real-zaragoza"],"_links":{"self":[{"href":"https:\/\/principesdeparis.es\/principes\/wp-json\/wp\/v2\/posts\/16896","targetHints":{"allow":["GET"]}}],"collection":[{"href":"https:\/\/principesdeparis.es\/principes\/wp-json\/wp\/v2\/posts"}],"about":[{"href":"https:\/\/principesdeparis.es\/principes\/wp-json\/wp\/v2\/types\/post"}],"author":[{"embeddable":true,"href":"https:\/\/principesdeparis.es\/principes\/wp-json\/wp\/v2\/users\/2"}],"replies":[{"embeddable":true,"href":"https:\/\/principesdeparis.es\/principes\/wp-json\/wp\/v2\/comments?post=16896"}],"version-history":[{"count":4,"href":"https:\/\/principesdeparis.es\/principes\/wp-json\/wp\/v2\/posts\/16896\/revisions"}],"predecessor-version":[{"id":16901,"href":"https:\/\/principesdeparis.es\/principes\/wp-json\/wp\/v2\/posts\/16896\/revisions\/16901"}],"wp:featuredmedia":[{"embeddable":true,"href":"https:\/\/principesdeparis.es\/principes\/wp-json\/wp\/v2\/media\/16897"}],"wp:attachment":[{"href":"https:\/\/principesdeparis.es\/principes\/wp-json\/wp\/v2\/media?parent=16896"}],"wp:term":[{"taxonomy":"category","embeddable":true,"href":"https:\/\/principesdeparis.es\/principes\/wp-json\/wp\/v2\/categories?post=16896"},{"taxonomy":"post_tag","embeddable":true,"href":"https:\/\/principesdeparis.es\/principes\/wp-json\/wp\/v2\/tags?post=16896"}],"curies":[{"name":"wp","href":"https:\/\/api.w.org\/{rel}","templated":true}]}}