{"id":16942,"date":"2024-10-25T16:02:01","date_gmt":"2024-10-25T16:02:01","guid":{"rendered":"https:\/\/principesdeparis.es\/principes\/?p=16942"},"modified":"2024-10-26T09:57:28","modified_gmt":"2024-10-26T09:57:28","slug":"victor-anuncia-sorpresas-contra-el-castellon","status":"publish","type":"post","link":"https:\/\/principesdeparis.es\/principes\/victor-anuncia-sorpresas-contra-el-castellon\/","title":{"rendered":"V\u00edctor anuncia sorpresas contra el Castell\u00f3n"},"content":{"rendered":"<p><strong>C\u00f3mo esta Bazdar:<\/strong> \u00abTiene ligeras molestias en la rodilla, pero est\u00e1 para jugar. A excepci\u00f3n de Borge, Tasende y Sober\u00f3n est\u00e1n todos disponibles\u00bb.<\/p>\n<p><strong>Estado del equipo:<\/strong> \u00abF\u00edsicamente est\u00e1 un poco tocado, como todos los equipos aunque nosotros con menos tiempo de recuperaci\u00f3n. Preparados para otra batalla en la que habr\u00e1 cambios en la alineaci\u00f3n. Apenas hemos hecho algo de activaci\u00f3n estos d\u00edas\u00bb.<\/p>\n<p><strong>La sangr\u00eda goleadora:<\/strong> \u00abLlevamos toda la semana sin poder hacer nada a nivel t\u00e1ctico. Trabajamos a trav\u00e9s del v\u00eddeo en ambas previas y luego recuperamos para volver a competir. A ver si conseguimos que esas facilidades defensivas no se den y por contra sigamos con la contundencia en ataque\u00bb.<\/p>\n<p><strong>El problema defensivo:<\/strong> \u00abTenemos que ajustar esos mecanismos que nos dieron buen resultado en la pretemporada. Nada que ver las situaciones de peligro que gener\u00f3 el Almer\u00eda, que no fueron tantas, como las del Eldense, con errores descomunales, decisiones err\u00f3neas. Hubo falta de concentraci\u00f3n y desajustes, con una falta de ritmo defensivo tremendo. En Tenerife nos llegaron dos veces y un tiro al poste. Donde hemos estado realmente mal fue en Elda, y esos fallos no aparecieron en las primeras jornadas. Tambi\u00e9n nos penalizan acciones individualidades como el del penalti contra el Almer\u00eda, con Luis Su\u00e1rez rodeado de cuatro jugadores\u00bb.<\/p>\n<p><strong>El dibujo:<\/strong> \u00abYa veremos. Seg\u00fan c\u00f3mo estemos f\u00edsicamente. Voy a priorizar el sistema a c\u00f3mo se encuentren mis jugadores. Para m\u00ed no es lo prioritario sino competir contra un equipo especial\u00bb.<\/p>\n<p><strong>El Castell\u00f3n:<\/strong> \u00abA priori, el Castell\u00f3n es un equipo valiente, atrevido, con bloque alto y b\u00fasqueda de gol. Esta temporada y la anterior. Es una fiesta para el f\u00fatbol, una bendici\u00f3n. No renuncian a su forma de jugar. Vamos a ver un partido muy diferente por su velocidad y su manera de ir hacia arriba tan valiente. Son muy f\u00edsicos. Ser\u00e1 un partido imprevisible. Juagamos en casa y tenemos que ganar porque estamos en un buen momento. Estoy haciendo cambios todos los partidos. Seguramente habr\u00e1 una formaci\u00f3n ma\u00f1ana que os sorprender\u00e1 a todos\u00bb-<\/p>\n<p><strong>La Romareda:<\/strong> \u00abLas buenas temporadas vienen marcadas por hacer un buen papel en casa. Con el apoyo de nuestra gente\u00bb.<\/p>\n<p><strong>Segundo puesto:<\/strong> \u00abEste es el mejor a\u00f1o de la Segunda con grandes plantillas y un mayor desarrollo econ\u00f3mico y social. No se vislumbra este posicionamiento como definitivo porque todos vamos a perder muchos puntos\u00bb.<\/p>\n<p><strong>Inquietud:<\/strong> \u00abMe preocupa los goles que encajamos. Hemos sido un equipo de contrastes. Para ganar fuera de casa tuvimos que remontar y hacer tres goles. Eso es lo que no me gusta de las \u00faltimas jornadas. Hay que corregir eso porque si no se nos har\u00e1 todo m\u00e1s complicado. Buscamos esa seguridad defensiva sin renunciar a nuestro poder\u00edo ofensivo\u00bb.<\/p>\n<p><strong>Luna: \u00ab<\/strong>Tiene posibilidades y si entra lo har\u00e1 en lugar de Calero. Necesitamos un equipo con energ\u00eda y que le haga da\u00f1o al rival. Luna ha jugado en una posici\u00f3n que no es habitual, de doble lateral. En casa no me planteo eso\u00bb.<\/p>\n<p><strong>Adu Ares:<\/strong> \u00abEst\u00e1 bien. Lo normal es que ma\u00f1ana juegue tambi\u00e9n. En Elda buscamos m\u00e1s profundidad con Liso y Luna\u00bb.<\/p>\n<p><strong>Carlos Nieto:<\/strong> \u00abSi estuviera, lo pondr\u00eda. Ha evolucionado muy bien y va a m\u00e1s. El martes le veremos en la Copa para competir y ver en qu\u00e9 punto est\u00e1. Su lesi\u00f3n ha sido muy importante. Yo tambi\u00e9n estoy ansioso por verle jugar\u00bb.<\/p>\n","protected":false},"excerpt":{"rendered":"<p>C\u00f3mo esta Bazdar: \u00abTiene ligeras molestias en la rodilla, pero est\u00e1 para jugar. A excepci\u00f3n de Borge, Tasende y Sober\u00f3n est\u00e1n todos disponibles\u00bb. Estado del equipo: \u00abF\u00edsicamente est\u00e1 un poco tocado, como todos los equipos aunque nosotros con menos tiempo de recuperaci\u00f3n. Preparados para otra batalla en la que habr\u00e1 <a class=\"read-more\" href=\"https:\/\/principesdeparis.es\/principes\/victor-anuncia-sorpresas-contra-el-castellon\/\">Sigue leyendo<\/a><\/p>\n","protected":false},"author":2,"featured_media":16944,"comment_status":"open","ping_status":"open","sticky":false,"template":"","format":"standard","meta":{"footnotes":""},"categories":[13,1],"tags":[],"class_list":["post-16942","post","type-post","status-publish","format-standard","has-post-thumbnail","hentry","category-publicidad","category-real-zaragoza"],"_links":{"self":[{"href":"https:\/\/principesdeparis.es\/principes\/wp-json\/wp\/v2\/posts\/16942","targetHints":{"allow":["GET"]}}],"collection":[{"href":"https:\/\/principesdeparis.es\/principes\/wp-json\/wp\/v2\/posts"}],"about":[{"href":"https:\/\/principesdeparis.es\/principes\/wp-json\/wp\/v2\/types\/post"}],"author":[{"embeddable":true,"href":"https:\/\/principesdeparis.es\/principes\/wp-json\/wp\/v2\/users\/2"}],"replies":[{"embeddable":true,"href":"https:\/\/principesdeparis.es\/principes\/wp-json\/wp\/v2\/comments?post=16942"}],"version-history":[{"count":1,"href":"https:\/\/principesdeparis.es\/principes\/wp-json\/wp\/v2\/posts\/16942\/revisions"}],"predecessor-version":[{"id":16943,"href":"https:\/\/principesdeparis.es\/principes\/wp-json\/wp\/v2\/posts\/16942\/revisions\/16943"}],"wp:featuredmedia":[{"embeddable":true,"href":"https:\/\/principesdeparis.es\/principes\/wp-json\/wp\/v2\/media\/16944"}],"wp:attachment":[{"href":"https:\/\/principesdeparis.es\/principes\/wp-json\/wp\/v2\/media?parent=16942"}],"wp:term":[{"taxonomy":"category","embeddable":true,"href":"https:\/\/principesdeparis.es\/principes\/wp-json\/wp\/v2\/categories?post=16942"},{"taxonomy":"post_tag","embeddable":true,"href":"https:\/\/principesdeparis.es\/principes\/wp-json\/wp\/v2\/tags?post=16942"}],"curies":[{"name":"wp","href":"https:\/\/api.w.org\/{rel}","templated":true}]}}