{"id":16954,"date":"2024-10-26T15:35:27","date_gmt":"2024-10-26T15:35:27","guid":{"rendered":"https:\/\/principesdeparis.es\/principes\/?p=16954"},"modified":"2024-10-26T16:08:52","modified_gmt":"2024-10-26T16:08:52","slug":"luna-vital-moya-y-liso-novedades-en-el-once","status":"publish","type":"post","link":"https:\/\/principesdeparis.es\/principes\/luna-vital-moya-y-liso-novedades-en-el-once\/","title":{"rendered":"Luna, Vital, Moya y Liso, novedades en el once"},"content":{"rendered":"<p>Dos variaciones en defensa, Luna por Calero y Vital por Kosa, y dos en el centro del campo con la vuelta de Moya en lugar de Aguado para acompa\u00f1ar a Keidi Bare y la de Liso por Francho para regresar al tradicional 1-4-4-2 que se rompi\u00f3 por primera vez en Elda por un rombo que caus\u00f3 muchos quebraderos por la falta de trabajo en ese sistema. Estos son los cambios, cuatro, que presenta esta tarde el Real Zaragoza para enfrentarse al Castell\u00f3n en defensa de la segunda plaza, es decir de la posici\u00f3n de ascenso directo que recuper\u00f3 tras su victoria el pasado mi\u00e9rcoles.<\/p>\n<p>Despu\u00e9s de dos derrotas consecutivas en casa frente al l\u00edder Racing y el emergente Almer\u00eda, el conjunto de V\u00edctor Fern\u00e1ndez necesita los tres puntos ante su afici\u00f3n por dos razones de peso, fortificarse en su estadio y conservar una posici\u00f3n de m\u00e1ximo privilegio en la tabla. El indomable Castell\u00f3n se lo va a poner complicado en teor\u00eda. Los aragoneses presentan su credencial de m\u00e1ximo goleador de la categor\u00eda con 20 tantos y el equipo de Dick Schreuder, con la punter\u00eda tambi\u00e9n muy afilada,\u00a0 acepta el \u00f3rdago con su estilo disciplinado y al mismo tiempo libre de ataduras posicionales. Dos perfiles antag\u00f3nico que comparten alma, la b\u00fasqueda de la porter\u00eda como objetivo prioritario por diferentes caminos.<\/p>\n<p>El Real Zaragoza deber\u00e1 mejorar su imagen defensiva de Elda pese al triunfo. Tiene muchos problemas atr\u00e1s desde hace tiempo, con errores individuales y colectivos, y le viene un rival que examinar\u00e1 cada punto de su capacidad de concentraci\u00f3n en esa parcela y el centro del campo. El Castell\u00f3n es una ruleta bien engrasada de futbolistas que intercambian puestos y que adelantan mucho las l\u00edneas para morder en la salida del bal\u00f3n, herramienta que manejan con mucho criterio y atrevimiento pese a ser un reci\u00e9n ascendido. Tambi\u00e9n con velocidad y verticalidad. Asimismo, los riesgos asumidos que corre le conducen a una vulnerabilidad defensiva, lo que ha de perseguir el Real Zaragoza anticipando su plan y administrando mejor la posesi\u00f3n.<\/p>\n<p>Si el encuentro se convierte en un festival,\u00a0 el Castell\u00f3n se desenvuelve mejor en un escenario de ida y vuelta. Por esa raz\u00f3n V\u00edctor ha preferido descartar el rombo y contar de nuevo con Vital y Liso. La primera aparici\u00f3n en la alineaci\u00f3n de Luna corresponde a su excelente rendimiento cuando sale desde el banquillo y para dar descanso a Calero, hasta hoy el jugador con m\u00e1s minutos. Aketxe, sobre el que, en teor\u00eda,\u00a0 gira un futuro con menos sobresaltos y m\u00e1s f\u00fatbol en tres cuartos, volver\u00eda a la banda derecha con Bazdar y Az\u00f3n. El serbio suma ya cuatro dianas y el canterano, tres de forma consecutiva, todas de calidad para rescatar a su equipo de complicaciones.<\/p>\n<p><strong>La alineaci\u00f3n del Castell\u00f3n<\/strong><\/p>\n<blockquote class=\"twitter-tweet\">\n<p dir=\"ltr\" lang=\"es\">&#x1f195; Los once elegidos para el <a href=\"https:\/\/twitter.com\/hashtag\/RealZaragozaCastell%C3%B3n?src=hash&amp;ref_src=twsrc%5Etfw\">#RealZaragozaCastell\u00f3n<\/a><a href=\"https:\/\/twitter.com\/hashtag\/PPO?src=hash&amp;ref_src=twsrc%5Etfw\">#PPO<\/a>&#x1f442; <a href=\"https:\/\/t.co\/JUqBRUU8sv\">pic.twitter.com\/JUqBRUU8sv<\/a><\/p>\n<p>\u2014 CD Castell\u00f3n (@CDCastellon) <a href=\"https:\/\/twitter.com\/CDCastellon\/status\/1850198199535018190?ref_src=twsrc%5Etfw\">October 26, 2024<\/a><\/p><\/blockquote>\n<p><script async src=\"https:\/\/platform.twitter.com\/widgets.js\" charset=\"utf-8\"><\/script><\/p>\n","protected":false},"excerpt":{"rendered":"<p>Dos variaciones en defensa, Luna por Calero y Vital por Kosa, y dos en el centro del campo con la vuelta de Moya en lugar de Aguado para acompa\u00f1ar a Keidi Bare y la de Liso por Francho para regresar al tradicional 1-4-4-2 que se rompi\u00f3 por primera vez en <a class=\"read-more\" href=\"https:\/\/principesdeparis.es\/principes\/luna-vital-moya-y-liso-novedades-en-el-once\/\">Sigue leyendo<\/a><\/p>\n","protected":false},"author":2,"featured_media":16955,"comment_status":"open","ping_status":"open","sticky":false,"template":"","format":"standard","meta":{"footnotes":""},"categories":[13,1],"tags":[],"class_list":["post-16954","post","type-post","status-publish","format-standard","has-post-thumbnail","hentry","category-publicidad","category-real-zaragoza"],"_links":{"self":[{"href":"https:\/\/principesdeparis.es\/principes\/wp-json\/wp\/v2\/posts\/16954","targetHints":{"allow":["GET"]}}],"collection":[{"href":"https:\/\/principesdeparis.es\/principes\/wp-json\/wp\/v2\/posts"}],"about":[{"href":"https:\/\/principesdeparis.es\/principes\/wp-json\/wp\/v2\/types\/post"}],"author":[{"embeddable":true,"href":"https:\/\/principesdeparis.es\/principes\/wp-json\/wp\/v2\/users\/2"}],"replies":[{"embeddable":true,"href":"https:\/\/principesdeparis.es\/principes\/wp-json\/wp\/v2\/comments?post=16954"}],"version-history":[{"count":11,"href":"https:\/\/principesdeparis.es\/principes\/wp-json\/wp\/v2\/posts\/16954\/revisions"}],"predecessor-version":[{"id":16966,"href":"https:\/\/principesdeparis.es\/principes\/wp-json\/wp\/v2\/posts\/16954\/revisions\/16966"}],"wp:featuredmedia":[{"embeddable":true,"href":"https:\/\/principesdeparis.es\/principes\/wp-json\/wp\/v2\/media\/16955"}],"wp:attachment":[{"href":"https:\/\/principesdeparis.es\/principes\/wp-json\/wp\/v2\/media?parent=16954"}],"wp:term":[{"taxonomy":"category","embeddable":true,"href":"https:\/\/principesdeparis.es\/principes\/wp-json\/wp\/v2\/categories?post=16954"},{"taxonomy":"post_tag","embeddable":true,"href":"https:\/\/principesdeparis.es\/principes\/wp-json\/wp\/v2\/tags?post=16954"}],"curies":[{"name":"wp","href":"https:\/\/api.w.org\/{rel}","templated":true}]}}