{"id":16996,"date":"2024-10-30T12:55:18","date_gmt":"2024-10-30T12:55:18","guid":{"rendered":"https:\/\/principesdeparis.es\/principes\/?p=16996"},"modified":"2024-10-30T13:06:22","modified_gmt":"2024-10-30T13:06:22","slug":"pau-sans-renueva-hasta-2029","status":"publish","type":"post","link":"https:\/\/principesdeparis.es\/principes\/pau-sans-renueva-hasta-2029\/","title":{"rendered":"Pau Sans renueva hasta 2029"},"content":{"rendered":"<p>El Real Zaragoza y Pau Sans han llegado a un acuerdo por el que el canterano seguir\u00e1 ligado a la entidad hasta 2029, se anuncia en la web del club. La direcci\u00f3n deportiva ha acelerado esta operaci\u00f3n por delante de las de otros futbolistas como Francho, Aguado, Nieto y Az\u00f3n, quienes finalizan su relaci\u00f3n contractual en 2025 y a\u00fan no ha recibido notificaci\u00f3n alguna para sentarse a negociar. La evoluci\u00f3n del jugador y su proyecci\u00f3n, que se han disparado esta temporada en la mayor\u00eda de las ocasiones saliendo desde el banquillo.<\/p>\n<p>Pau Sans (Zaragoza, 24-11-2004) entr\u00f3 en la Ciudad Deportiva en categor\u00eda infantil y ha pasado por todas las inferiores hasta alcanzar el primer equipo, con el que debut\u00f3 el 11 febrero de 2023 frente al Alav\u00e9s en La Romareda con Fran Escrib\u00e1n en el banquillo y ha terminado por consolidarse esta temporada, en la que adem\u00e1s ha conseguido un gol en LaLiga Hypermotion frente al Cartagena y otro m\u00e1s en la Copa del Rey, anoche en Hospitalet, donde adem\u00e1s de ofrecer una asistencia a Alberto Mar\u00ed para abrir el marcador. En total ha disputado 17 encuentros, dos de ellos de titular, en Anduva y ayer en el torneo del KO.<\/p>\n<blockquote class=\"twitter-tweet\">\n<p dir=\"ltr\" lang=\"es\">El equipo de su vida<\/p>\n<p>&#xfe0f; 2&#xfe0f;&#x20e3;0&#xfe0f;&#x20e3;2&#xfe0f;&#x20e3;9&#xfe0f;&#x20e3; <a href=\"https:\/\/t.co\/cMICPcsflu\">pic.twitter.com\/cMICPcsflu<\/a><\/p>\n<p>\u2014 Real Zaragoza (@RealZaragoza) <a href=\"https:\/\/twitter.com\/RealZaragoza\/status\/1851595250067984669?ref_src=twsrc%5Etfw\">October 30, 2024<\/a><\/p><\/blockquote>\n<p><script async src=\"https:\/\/platform.twitter.com\/widgets.js\" charset=\"utf-8\"><\/script><\/p>\n","protected":false},"excerpt":{"rendered":"<p>El Real Zaragoza y Pau Sans han llegado a un acuerdo por el que el canterano seguir\u00e1 ligado a la entidad hasta 2029, se anuncia en la web del club. La direcci\u00f3n deportiva ha acelerado esta operaci\u00f3n por delante de las de otros futbolistas como Francho, Aguado, Nieto y Az\u00f3n, <a class=\"read-more\" href=\"https:\/\/principesdeparis.es\/principes\/pau-sans-renueva-hasta-2029\/\">Sigue leyendo<\/a><\/p>\n","protected":false},"author":2,"featured_media":16998,"comment_status":"open","ping_status":"open","sticky":false,"template":"","format":"standard","meta":{"footnotes":""},"categories":[13,1],"tags":[],"class_list":["post-16996","post","type-post","status-publish","format-standard","has-post-thumbnail","hentry","category-publicidad","category-real-zaragoza"],"_links":{"self":[{"href":"https:\/\/principesdeparis.es\/principes\/wp-json\/wp\/v2\/posts\/16996","targetHints":{"allow":["GET"]}}],"collection":[{"href":"https:\/\/principesdeparis.es\/principes\/wp-json\/wp\/v2\/posts"}],"about":[{"href":"https:\/\/principesdeparis.es\/principes\/wp-json\/wp\/v2\/types\/post"}],"author":[{"embeddable":true,"href":"https:\/\/principesdeparis.es\/principes\/wp-json\/wp\/v2\/users\/2"}],"replies":[{"embeddable":true,"href":"https:\/\/principesdeparis.es\/principes\/wp-json\/wp\/v2\/comments?post=16996"}],"version-history":[{"count":6,"href":"https:\/\/principesdeparis.es\/principes\/wp-json\/wp\/v2\/posts\/16996\/revisions"}],"predecessor-version":[{"id":17005,"href":"https:\/\/principesdeparis.es\/principes\/wp-json\/wp\/v2\/posts\/16996\/revisions\/17005"}],"wp:featuredmedia":[{"embeddable":true,"href":"https:\/\/principesdeparis.es\/principes\/wp-json\/wp\/v2\/media\/16998"}],"wp:attachment":[{"href":"https:\/\/principesdeparis.es\/principes\/wp-json\/wp\/v2\/media?parent=16996"}],"wp:term":[{"taxonomy":"category","embeddable":true,"href":"https:\/\/principesdeparis.es\/principes\/wp-json\/wp\/v2\/categories?post=16996"},{"taxonomy":"post_tag","embeddable":true,"href":"https:\/\/principesdeparis.es\/principes\/wp-json\/wp\/v2\/tags?post=16996"}],"curies":[{"name":"wp","href":"https:\/\/api.w.org\/{rel}","templated":true}]}}