{"id":17016,"date":"2024-11-01T12:17:39","date_gmt":"2024-11-01T12:17:39","guid":{"rendered":"https:\/\/principesdeparis.es\/principes\/?p=17016"},"modified":"2024-11-01T12:17:39","modified_gmt":"2024-11-01T12:17:39","slug":"victor-pierde-a-keide-bare-y-puntualiza-sobre-caudal-ofensivo-y-contundencia","status":"publish","type":"post","link":"https:\/\/principesdeparis.es\/principes\/victor-pierde-a-keide-bare-y-puntualiza-sobre-caudal-ofensivo-y-contundencia\/","title":{"rendered":"V\u00edctor pierde a Keide Bare y puntualiza sobre caudal ofensivo y contundencia"},"content":{"rendered":"<p><strong>Baja de Keide Bare:<\/strong> Sufri\u00f3 un golpe en la rodilla frente al Castell\u00f3n y no hemos tenido forma de recuperarle. Es baja definitiva. El resto est\u00e1 bien. Es un jugador con ritmo y habitual, pero sin \u00e9l hemos ganado al Levante. Nos condiciona pero tenemos soluciones\u00bb.<\/p>\n<p><strong>La Romareda:<\/strong> \u00abEl equipo se levant\u00f3 en la Copa y an\u00edmicamente estamos bien, cansados pero aptos para jugar. Fue una prueba m\u00e1s de resistencia de este grupo para levantarse despu\u00e9s de un golpe. Y con la satisfacci\u00f3n de cantar cinco goles, algo que no recordaba el zaragocismo. Ahora vamos con confianza de levantarnos ante nuestra afici\u00f3n frente a un rival fuerte y al alza con Escrib\u00e1. Estamos con confianza y seguridad despu\u00e9s de pasar una prueba muy exigente en la Copa y a ver si lo trasladamos a la Liga. No nos va a condicionar que hayamos perdido tres partidos seguidos \u00ab.<\/p>\n<p><strong>Puntualizaci\u00f3n sobre el ataque:<\/strong> \u00abSi fu\u00e9ramos contundentes en ataque, el partido del Castell\u00f3n lo hubi\u00e9semos ganado, pero no fue as\u00ed. Encima nos penalizan los errores defensivos. Lo que tenemos es caudal ofensivo. Ser\u00e1 dif\u00edcil que en un partido no tengamos oportunidades. Ese es el matiz que nos esta diferenciando. Vamos a ver si eso no aparezca tanto porque jugamos contra el Granada, no contra cualquiera\u00bb.<\/p>\n<p><strong>El Granada:<\/strong> \u00abSu funcionamiento colectivo, m\u00e1s ordenado con Escrib\u00e1. Y cuentan con individualidades de Primera y contrastados que no tenemos los dem\u00e1s. Dos delanteros de m\u00e1ximo nivel. Dispone de recursos muy variados y es un conjunto muy atl\u00e9tico. Una plantilla de Primera que le ha tocado jugar em Segunda y que ha despertado con Escrib\u00e1\u00bb.<\/p>\n<p><strong>Notas de la Copa:<\/strong> \u00abLa nota negativa fue la lesi\u00f3n de Kosa. Todos estuvieron muy concentrados. Unos metieron gol por primera vez como Mar\u00ed y Adu, que estuvo muy brillante. Az\u00f3n estuvo demoledor y Pau con chispa, Jair muy seguro en defensa, Nieto termin\u00f3 los 90 minutos y est\u00e1 perfecto. Y sobre todo romper una racha decepcionante en la Copa\u00bb.<\/p>\n<p><strong>Renovaci\u00f3n de Pau Sans:<\/strong> \u00abEs una buena noticia para el chaval y para el Real Zaragoza, donde quer\u00eda estar. Tiene hambre, ilusi\u00f3n, generosidad y una sonrisa que le invita al atrevimiento. Ha crecido much\u00edsimo con respecto a la temporada pasada. Es otro jugador que se ha ganado estar en la primera plantilla\u00bb<\/p>\n<p><strong>Jair:<\/strong> \u00abSi con Jair ganamos, jugar\u00e1. Era muy complicado porque al principio no encaj\u00e1bamos la catarata de goles que nos han perjudicado tanto en las \u00faltimas jornadas. Lo l\u00f3gico es que nadie tuviera oportunidad porque los centrales estaban muy bien. Los fallos se han repetido en jugadores diferentes. Jair jugar\u00e1 cuando le corresponda\u00bb.<\/p>\n<p><strong>El mercado de invierno y la mejora:<\/strong> \u00abEstoy convencido de que tenemos futbolistas para volver a ser solventes en defensa y en organizaci\u00f3n. Estamos intentado que esos errores aparezcan lo menos posible. Lo del mercado me lo preguntan habitualmente. Fuimos honestos cuando se cerr\u00f3 la ventana de verano hab\u00eda sido incompleto. Con lo que tenemos, tenemos que llegar hasta el mercado de invierno y Dios dir\u00e1. Veremos de lo que somos capaces y del presupuesto que tenemos. No somos los m\u00e1s poderoso del mundo. Algo bien haremos que nos permite estar entre los primeros\u00bb.<\/p>\n<p><strong>Clemente:<\/strong> \u00abEstaba muy flojo. No es de gusto que te pite tu afici\u00f3n. Sali\u00f3 retratado ante una afici\u00f3n exigente e impaciente. Debe seguir trabajando con la cabeza arriba. Lo pas\u00f3 muy mal, pero ahora est\u00e1 mejor\u00bb.<\/p>\n","protected":false},"excerpt":{"rendered":"<p>Baja de Keide Bare: Sufri\u00f3 un golpe en la rodilla frente al Castell\u00f3n y no hemos tenido forma de recuperarle. Es baja definitiva. El resto est\u00e1 bien. Es un jugador con ritmo y habitual, pero sin \u00e9l hemos ganado al Levante. Nos condiciona pero tenemos soluciones\u00bb. La Romareda: \u00abEl equipo <a class=\"read-more\" href=\"https:\/\/principesdeparis.es\/principes\/victor-pierde-a-keide-bare-y-puntualiza-sobre-caudal-ofensivo-y-contundencia\/\">Sigue leyendo<\/a><\/p>\n","protected":false},"author":2,"featured_media":17018,"comment_status":"open","ping_status":"open","sticky":false,"template":"","format":"standard","meta":{"footnotes":""},"categories":[13,1],"tags":[],"class_list":["post-17016","post","type-post","status-publish","format-standard","has-post-thumbnail","hentry","category-publicidad","category-real-zaragoza"],"_links":{"self":[{"href":"https:\/\/principesdeparis.es\/principes\/wp-json\/wp\/v2\/posts\/17016","targetHints":{"allow":["GET"]}}],"collection":[{"href":"https:\/\/principesdeparis.es\/principes\/wp-json\/wp\/v2\/posts"}],"about":[{"href":"https:\/\/principesdeparis.es\/principes\/wp-json\/wp\/v2\/types\/post"}],"author":[{"embeddable":true,"href":"https:\/\/principesdeparis.es\/principes\/wp-json\/wp\/v2\/users\/2"}],"replies":[{"embeddable":true,"href":"https:\/\/principesdeparis.es\/principes\/wp-json\/wp\/v2\/comments?post=17016"}],"version-history":[{"count":2,"href":"https:\/\/principesdeparis.es\/principes\/wp-json\/wp\/v2\/posts\/17016\/revisions"}],"predecessor-version":[{"id":17019,"href":"https:\/\/principesdeparis.es\/principes\/wp-json\/wp\/v2\/posts\/17016\/revisions\/17019"}],"wp:featuredmedia":[{"embeddable":true,"href":"https:\/\/principesdeparis.es\/principes\/wp-json\/wp\/v2\/media\/17018"}],"wp:attachment":[{"href":"https:\/\/principesdeparis.es\/principes\/wp-json\/wp\/v2\/media?parent=17016"}],"wp:term":[{"taxonomy":"category","embeddable":true,"href":"https:\/\/principesdeparis.es\/principes\/wp-json\/wp\/v2\/categories?post=17016"},{"taxonomy":"post_tag","embeddable":true,"href":"https:\/\/principesdeparis.es\/principes\/wp-json\/wp\/v2\/tags?post=17016"}],"curies":[{"name":"wp","href":"https:\/\/api.w.org\/{rel}","templated":true}]}}