{"id":17095,"date":"2024-11-09T16:35:06","date_gmt":"2024-11-09T16:35:06","guid":{"rendered":"https:\/\/principesdeparis.es\/principes\/?p=17095"},"modified":"2024-11-09T16:53:05","modified_gmt":"2024-11-09T16:53:05","slug":"jair-estrena-titularidad-en-el-alcoraz","status":"publish","type":"post","link":"https:\/\/principesdeparis.es\/principes\/jair-estrena-titularidad-en-el-alcoraz\/","title":{"rendered":"Jair estrena titularidad en El Alcoraz"},"content":{"rendered":"<p>Como estaba m\u00e1s o menos previsto, el Real Zaragoza tan s\u00f3lo presenta una novedad para el encuentro de esta tarde en El Alcoraz. Se trata de Jair Amador, quien despu\u00e9s de haber figurado en la lista de transferibles este verano\u00a0 e ir ganando posiciones en el banquillo desde la primera jornada, en la que no particip\u00f3 por petici\u00f3n personal al entrenador, estrena titularidad esta temporada por la baja de Vital, sancionado al cumplir el primer ciclo de tarjetas. El central formar\u00e1 junto a Llu\u00eds L\u00f3pez. El resto del equipo, con la baja mantenida de Keidi Bare una semana m\u00e1s y activado a\u00fan el proceso de recuperaci\u00f3n de Sober\u00f3n, que ya ha superado las previsiones sobre su vuelta, ser\u00e1 el mismo que arranc\u00f3 en la victoria sobre el Granada.<\/p>\n<p>Calero repite en el lateral izquierdo, donde estuvo por encima de los anteriores propietarios del puesto pese a jugar lejos de su ecosistema, lo que permite que Luna siga en la alineaci\u00f3n\u00a0 por m\u00e9ritos propios. Con Bare a\u00fan en la enfermer\u00eda, el doble pivote Francho-Aguado pasa un nuevo y exigente examen frente al Huesca despu\u00e9s de haber otorgado equilibrio y f\u00fatbol en la primera ocasi\u00f3n que coincid\u00edan en la sala de m\u00e1quinas. Aketxe y Liso, en el estadio donde se estren\u00f3 como goleador,\u00a0 Bazdar y el inspirado Az\u00f3n componen la punta de lanza por fuera y por dentro de un Real Zaragoza que defiende la segunda plaza de la clasificaci\u00f3n.<\/p>\n<p>El encuentro parece ajustarse a dos estilos divergentes con misiones tambi\u00e9n opuestas. Los oscenses en su magn\u00edfica trayectoria hacia la salvaci\u00f3n y los blanquillos buscando el ascenso. Los locales con su fortaleza defensiva como principal aval y los visitantes con un bazoka siempre cargado en ataque. No es sencillo sin embargo apostar por un favorito ya que se trata de una cita que se puede decidir por el rigor o la improvisaci\u00f3n, con dos t\u00e9cnicos ahora mismo grandes protagonistas de las hojas de ruta de sus plantillas.<\/p>\n<p>La alineaci\u00f3n del Huesca<\/p>\n<blockquote class=\"twitter-tweet\">\n<p lang=\"es\" dir=\"ltr\"> ALINEACI\u00d3N | \u00a1   !<a href=\"https:\/\/twitter.com\/hashtag\/LaLigaHypermotion?src=hash&amp;ref_src=twsrc%5Etfw\">#LaLigaHypermotion<\/a> | <a href=\"https:\/\/twitter.com\/hashtag\/HuescaRealZaragoza?src=hash&amp;ref_src=twsrc%5Etfw\">#HuescaRealZaragoza<\/a>  <a href=\"https:\/\/t.co\/h83G6unGDF\">pic.twitter.com\/h83G6unGDF<\/a><\/p>\n<p>&mdash; SD Huesca (@SDHuesca) <a href=\"https:\/\/twitter.com\/SDHuesca\/status\/1855283953311064099?ref_src=twsrc%5Etfw\">November 9, 2024<\/a><\/p><\/blockquote>\n<p> <script async src=\"https:\/\/platform.twitter.com\/widgets.js\" charset=\"utf-8\"><\/script><\/p>\n","protected":false},"excerpt":{"rendered":"<p>Como estaba m\u00e1s o menos previsto, el Real Zaragoza tan s\u00f3lo presenta una novedad para el encuentro de esta tarde en El Alcoraz. Se trata de Jair Amador, quien despu\u00e9s de haber figurado en la lista de transferibles este verano\u00a0 e ir ganando posiciones en el banquillo desde la primera <a class=\"read-more\" href=\"https:\/\/principesdeparis.es\/principes\/jair-estrena-titularidad-en-el-alcoraz\/\">Sigue leyendo<\/a><\/p>\n","protected":false},"author":2,"featured_media":17096,"comment_status":"open","ping_status":"open","sticky":false,"template":"","format":"standard","meta":{"footnotes":""},"categories":[13,1],"tags":[],"class_list":["post-17095","post","type-post","status-publish","format-standard","has-post-thumbnail","hentry","category-publicidad","category-real-zaragoza"],"_links":{"self":[{"href":"https:\/\/principesdeparis.es\/principes\/wp-json\/wp\/v2\/posts\/17095","targetHints":{"allow":["GET"]}}],"collection":[{"href":"https:\/\/principesdeparis.es\/principes\/wp-json\/wp\/v2\/posts"}],"about":[{"href":"https:\/\/principesdeparis.es\/principes\/wp-json\/wp\/v2\/types\/post"}],"author":[{"embeddable":true,"href":"https:\/\/principesdeparis.es\/principes\/wp-json\/wp\/v2\/users\/2"}],"replies":[{"embeddable":true,"href":"https:\/\/principesdeparis.es\/principes\/wp-json\/wp\/v2\/comments?post=17095"}],"version-history":[{"count":5,"href":"https:\/\/principesdeparis.es\/principes\/wp-json\/wp\/v2\/posts\/17095\/revisions"}],"predecessor-version":[{"id":17101,"href":"https:\/\/principesdeparis.es\/principes\/wp-json\/wp\/v2\/posts\/17095\/revisions\/17101"}],"wp:featuredmedia":[{"embeddable":true,"href":"https:\/\/principesdeparis.es\/principes\/wp-json\/wp\/v2\/media\/17096"}],"wp:attachment":[{"href":"https:\/\/principesdeparis.es\/principes\/wp-json\/wp\/v2\/media?parent=17095"}],"wp:term":[{"taxonomy":"category","embeddable":true,"href":"https:\/\/principesdeparis.es\/principes\/wp-json\/wp\/v2\/categories?post=17095"},{"taxonomy":"post_tag","embeddable":true,"href":"https:\/\/principesdeparis.es\/principes\/wp-json\/wp\/v2\/tags?post=17095"}],"curies":[{"name":"wp","href":"https:\/\/api.w.org\/{rel}","templated":true}]}}