{"id":17130,"date":"2024-11-13T13:05:06","date_gmt":"2024-11-13T13:05:06","guid":{"rendered":"https:\/\/principesdeparis.es\/principes\/?p=17130"},"modified":"2024-11-13T13:05:06","modified_gmt":"2024-11-13T13:05:06","slug":"pau-adelanta-a-un-adu-que-va-por-delante","status":"publish","type":"post","link":"https:\/\/principesdeparis.es\/principes\/pau-adelanta-a-un-adu-que-va-por-delante\/","title":{"rendered":"Pau adelanta a un Adu que va por delante"},"content":{"rendered":"<p style=\"text-align: center;\"><em><strong>La voracidad del canterano, reci\u00e9n renovado hasta 2029, contrasta con el erasmus ab\u00falico del extremo vizca\u00edno a la espera de que V\u00edctor anteponga alg\u00fan d\u00eda al aragon\u00e9s<\/strong><\/em><\/p>\n<p>Pau Sans ha derrochado felicidad en la rueda de prensa que ha ofrecido d\u00edas despu\u00e9s de confirmarse su renovaci\u00f3n hasta 2029. Feliz, cauto y al servicio de lo que se le ordene, salir como revulsivo, jugar en la posici\u00f3n atacante que le indiquen o aparecer en la titularidad. Siempre con Iv\u00e1n Az\u00f3n como referencia ofensiva en sus predilecciones. A punto de cumplir 20 a\u00f1os, debut\u00f3 hace dos contra el Alav\u00e9s a las \u00f3rdenes de Fran Escrib\u00e1, quien le ofreci\u00f3 113 minutos saliendo desde el banquillo en siete encuentros de Liga. El propio Escrib\u00e1, Vel\u00e1zquez y V\u00edctor Fern\u00e1ndez apenas contaron con sus servicios el curso pasado (37 minutos en tres jornadas). Este verano se present\u00f3 m\u00e1s ambicioso, m\u00e1s incisivo y seguro de s\u00ed mismo. En 14 encuentros ya ha participado m\u00e1s que nunca y se ha estrenado como titular en Anduva, pero por la huella que ha dejado, en alguna casos profunda como en el gol del Cartagena o su arrebatadora irrupci\u00f3n en Tenerife para colaborar directamente en las remontadas, sus apariciones saben a poco. En Huesca ni pis\u00f3 el c\u00e9sped en una cita que reclamaba su f\u00fatbol chispeante, pero el t\u00e9cnico prefiri\u00f3 a Adu Ares, y tambi\u00e9n a Alberto Mar\u00ed.<\/p>\n<p>La voracidad del canterano contrasta con la de su m\u00e1s directo competidor, un Adu Ares que parece estar de pl\u00e1cido e incluso ab\u00falico erasmus en su cesi\u00f3n del Athletic. Las ausencias de Sober\u00f3n y Bazdar para la visita del M\u00e1laga este pr\u00f3ximo domingo abre la posibilidad de una segunda presencia en el once para Pau Sans, sobre todo, como as\u00ed parece, Liso es el elegido para acompa\u00f1ar a Az\u00f3n. Si el escogido es Mar\u00ed, las puertas se mantendr\u00e1n cerradas para Sans una vez m\u00e1s. En cualquier caso, y aunque haya adelantado por rendimiento al alicantino y al vasco pese a contar con menos oportunidades, sigue dando la impresi\u00f3n de que hay una ley no escrita (o s\u00ed) de que Ares va o debe ir por delante. No es el Real Zaragoza, por mucho que parezca esta temporada, un club que promocione su propio producto en el primer equipo si no es por necesidad econ\u00f3mica o por urgentes peticiones del guion. V\u00edctor tampoco ha sido nunca un apasionado de la Ciudad Deportiva. No es cuesti\u00f3n del origen, sino de ser justo con los repartos de protagonismo en funci\u00f3n de la forma de un futbolista determinado. Pau Sans va a seguir estando radiante con tan s\u00f3lo aparecer en las citaciones, pero objetivamente es un atacante que ofrece mucho m\u00e1s que Ares pese a su magn\u00edfico primer control que luego no suele acompa\u00f1ar con decisiones posteriores y provechosas.<\/p>\n","protected":false},"excerpt":{"rendered":"<p>La voracidad del canterano, reci\u00e9n renovado hasta 2029, contrasta con el erasmus ab\u00falico del extremo vizca\u00edno a la espera de que V\u00edctor anteponga alg\u00fan d\u00eda al aragon\u00e9s Pau Sans ha derrochado felicidad en la rueda de prensa que ha ofrecido d\u00edas despu\u00e9s de confirmarse su renovaci\u00f3n hasta 2029. Feliz, cauto <a class=\"read-more\" href=\"https:\/\/principesdeparis.es\/principes\/pau-adelanta-a-un-adu-que-va-por-delante\/\">Sigue leyendo<\/a><\/p>\n","protected":false},"author":2,"featured_media":17131,"comment_status":"open","ping_status":"open","sticky":false,"template":"","format":"standard","meta":{"footnotes":""},"categories":[13,1],"tags":[],"class_list":["post-17130","post","type-post","status-publish","format-standard","has-post-thumbnail","hentry","category-publicidad","category-real-zaragoza"],"_links":{"self":[{"href":"https:\/\/principesdeparis.es\/principes\/wp-json\/wp\/v2\/posts\/17130","targetHints":{"allow":["GET"]}}],"collection":[{"href":"https:\/\/principesdeparis.es\/principes\/wp-json\/wp\/v2\/posts"}],"about":[{"href":"https:\/\/principesdeparis.es\/principes\/wp-json\/wp\/v2\/types\/post"}],"author":[{"embeddable":true,"href":"https:\/\/principesdeparis.es\/principes\/wp-json\/wp\/v2\/users\/2"}],"replies":[{"embeddable":true,"href":"https:\/\/principesdeparis.es\/principes\/wp-json\/wp\/v2\/comments?post=17130"}],"version-history":[{"count":1,"href":"https:\/\/principesdeparis.es\/principes\/wp-json\/wp\/v2\/posts\/17130\/revisions"}],"predecessor-version":[{"id":17132,"href":"https:\/\/principesdeparis.es\/principes\/wp-json\/wp\/v2\/posts\/17130\/revisions\/17132"}],"wp:featuredmedia":[{"embeddable":true,"href":"https:\/\/principesdeparis.es\/principes\/wp-json\/wp\/v2\/media\/17131"}],"wp:attachment":[{"href":"https:\/\/principesdeparis.es\/principes\/wp-json\/wp\/v2\/media?parent=17130"}],"wp:term":[{"taxonomy":"category","embeddable":true,"href":"https:\/\/principesdeparis.es\/principes\/wp-json\/wp\/v2\/categories?post=17130"},{"taxonomy":"post_tag","embeddable":true,"href":"https:\/\/principesdeparis.es\/principes\/wp-json\/wp\/v2\/tags?post=17130"}],"curies":[{"name":"wp","href":"https:\/\/api.w.org\/{rel}","templated":true}]}}