{"id":17133,"date":"2024-11-14T08:07:27","date_gmt":"2024-11-14T08:07:27","guid":{"rendered":"https:\/\/principesdeparis.es\/principes\/?p=17133"},"modified":"2024-11-14T08:07:27","modified_gmt":"2024-11-14T08:07:27","slug":"tiempo-incluso-para-pensar-en-el-ascenso","status":"publish","type":"post","link":"https:\/\/principesdeparis.es\/principes\/tiempo-incluso-para-pensar-en-el-ascenso\/","title":{"rendered":"Tiempo incluso para pensar en el ascenso"},"content":{"rendered":"<p>Pas\u00f3 el encuentro de Huesca sin pena ni gloria y con menos gente en las gradas de lo esperado antes de poner las entradas a la venta y tener que regalar un buen pu\u00f1ado de ellas para que el Alcoraz tuviese una presencia de p\u00fablico aparente. Silencio en ambas directivas, alg\u00fan peque\u00f1o desorden en el tiempo previo y posterior al partido pero nada m\u00e1s que apuntar en el cuaderno de confrontaciones de ambos clubes en Segunda Divisi\u00f3n, que no es muy abundante. Esperaremos a la vuelta para conocer la importancia de ese choque y si todo sigue tan ajustado en la clasificaci\u00f3n para que se produzca una mayor emoci\u00f3n entre las aficiones y sobre el terreno de juego.<\/p>\n<p>As\u00ed las cosas en el entorno zaragocista se espera la decisi\u00f3n de Iv\u00e1n Az\u00f3n y del Real Zaragoza para llegar a un acuerdo de cara a su renovaci\u00f3n como a la de otros canteranos. La del goleador parece ahora m\u00e1s necesaria despu\u00e9s de su racha goleadora cuando daba la impresi\u00f3n que ni Juan Carlos Cordero, ni V\u00edctor Fern\u00e1ndez, pensaban en su importancia presente y futura. La prolongada recuperaci\u00f3n de Mario Sober\u00f3n, la escasa aportaci\u00f3n de Alberto Mar\u00ed y que solamente acompa\u00f1e en punta el joven Bazdar al \u00abtibur\u00f3n\u00bb sin otra referencia de cara a las sustituciones, permiten al representante de Az\u00f3n pasarle los seis goles en la liga por delante de las narices al director deportivo, adem\u00e1s de las im\u00e1genes en movimiento de la valoraci\u00f3n del p\u00fablico al futbolista en la Romareda.<\/p>\n<p>Un estadio que sigue con sus obras y el aumento de los costes reflejado en las noticias municipales de los medios locales sin comentario alguno de periodistas especializados ni debates en la televisi\u00f3n o en la radio. Como Fernando L\u00f3pez, el director general, no se dirige a la opini\u00f3n p\u00fablica tampoco sabemos el grado de satisfacci\u00f3n del consejo de administraci\u00f3n y si los sucesivos incrementos presupuestarios se ver\u00e1n reflejados en su mejora. Como antes hay que levantar el campo modular, que a\u00fan no s\u00e9 si se desmontar\u00e1 o servir\u00e1 para algo una vez se inaugure el nuevo estadio, queda mucho tiempo para seguir pensando incluso en el ascenso.<\/p>\n","protected":false},"excerpt":{"rendered":"<p>Pas\u00f3 el encuentro de Huesca sin pena ni gloria y con menos gente en las gradas de lo esperado antes de poner las entradas a la venta y tener que regalar un buen pu\u00f1ado de ellas para que el Alcoraz tuviese una presencia de p\u00fablico aparente. Silencio en ambas directivas, <a class=\"read-more\" href=\"https:\/\/principesdeparis.es\/principes\/tiempo-incluso-para-pensar-en-el-ascenso\/\">Sigue leyendo<\/a><\/p>\n","protected":false},"author":3,"featured_media":16935,"comment_status":"open","ping_status":"open","sticky":false,"template":"","format":"standard","meta":{"footnotes":""},"categories":[16,13],"tags":[],"class_list":["post-17133","post","type-post","status-publish","format-standard","has-post-thumbnail","hentry","category-el10","category-publicidad"],"_links":{"self":[{"href":"https:\/\/principesdeparis.es\/principes\/wp-json\/wp\/v2\/posts\/17133","targetHints":{"allow":["GET"]}}],"collection":[{"href":"https:\/\/principesdeparis.es\/principes\/wp-json\/wp\/v2\/posts"}],"about":[{"href":"https:\/\/principesdeparis.es\/principes\/wp-json\/wp\/v2\/types\/post"}],"author":[{"embeddable":true,"href":"https:\/\/principesdeparis.es\/principes\/wp-json\/wp\/v2\/users\/3"}],"replies":[{"embeddable":true,"href":"https:\/\/principesdeparis.es\/principes\/wp-json\/wp\/v2\/comments?post=17133"}],"version-history":[{"count":1,"href":"https:\/\/principesdeparis.es\/principes\/wp-json\/wp\/v2\/posts\/17133\/revisions"}],"predecessor-version":[{"id":17134,"href":"https:\/\/principesdeparis.es\/principes\/wp-json\/wp\/v2\/posts\/17133\/revisions\/17134"}],"wp:featuredmedia":[{"embeddable":true,"href":"https:\/\/principesdeparis.es\/principes\/wp-json\/wp\/v2\/media\/16935"}],"wp:attachment":[{"href":"https:\/\/principesdeparis.es\/principes\/wp-json\/wp\/v2\/media?parent=17133"}],"wp:term":[{"taxonomy":"category","embeddable":true,"href":"https:\/\/principesdeparis.es\/principes\/wp-json\/wp\/v2\/categories?post=17133"},{"taxonomy":"post_tag","embeddable":true,"href":"https:\/\/principesdeparis.es\/principes\/wp-json\/wp\/v2\/tags?post=17133"}],"curies":[{"name":"wp","href":"https:\/\/api.w.org\/{rel}","templated":true}]}}