{"id":17135,"date":"2024-11-14T15:14:57","date_gmt":"2024-11-14T15:14:57","guid":{"rendered":"https:\/\/principesdeparis.es\/principes\/?p=17135"},"modified":"2024-11-14T15:14:57","modified_gmt":"2024-11-14T15:14:57","slug":"el-mejor-socio-para-azon-pau-sans","status":"publish","type":"post","link":"https:\/\/principesdeparis.es\/principes\/el-mejor-socio-para-azon-pau-sans\/","title":{"rendered":"\u00bfEl mejor socio para Az\u00f3n? Pau Sans"},"content":{"rendered":"<p style=\"text-align: center;\"><em><strong>Mar\u00ed es la soluci\u00f3n m\u00e1s natural y menos arm\u00f3nica, con un abanico de opciones que implica demasiados movimientos y que favorece al joven punta como pareja del goleador<\/strong><\/em><\/p>\n<p>No lo tiene sencillo V\u00edctor Fern\u00e1ndez para solventar las bajas de Mario Sober\u00f3n, una lesi\u00f3n que se le ha ido de las manos en el tiempo al cuerpo m\u00e9dico, y la de Bazdar, citado con la selecci\u00f3n de Bosnia. El t\u00e9cnico debe buscar al mejor socio posible para Iv\u00e1n Az\u00f3n si desea mantener su apuesta tradicional de jugar con dos atacantes. Sobre el papel, Alberto Mar\u00ed asoma con la soluci\u00f3n m\u00e1s natural, pero tambi\u00e9n menos arm\u00f3nica por tratarse de dos futbolistas que comparten los mismos espacios. Adem\u00e1s, el alicantino, titular en cuatro ocasiones, ha dejado una pobre impresi\u00f3n y ning\u00fan gol en su cuenta salvo el de Copa frente al L&#8217;Hospitalet.<\/p>\n<p>Existen otras opciones, como por ejemplo que fuera Liso el elegido para recuperar una pareja que ya coincidi\u00f3 la temporada pasada, lo que obligar\u00eda el t\u00e9cnico a decantarse por Adu Ares o Pau Sans para actuar de extremo por la izquierda. En ese caso, el vizca\u00edno partir\u00eda con ventaja porque el entrenador lo prefiere al canterano, pero se producir\u00eda una descompensaci\u00f3n en el equilibrio defensivo puesto que con Aketxe por la derecha y el jugador cedido por el Athletic en la otra orilla, los carriles quedar\u00edan muy expuestos en los repliegues. La tendencia de ambos a irse hacia adentro tampoco aconseja sacar a Liso de su casilla, mucho m\u00e1s profundo, posicional y disciplinado.<\/p>\n<p>La tentaci\u00f3n de situar a Aketxe cerca de Az\u00f3n y renunciar al doble atacante es la posibilidad menos aconsejable. De nuevo aparecer\u00edan Ares y Pau Sans como alternativas, pero esta vez por la derecha y con la solicitud permanente del vasco para maniobrar a pierna cambiada, con lo que Liso podr\u00eda ser trasladado de costado. Demasiado traj\u00edn y, sobre todo, una ruptura con un estilo asimilado por el equipo. El ex del \u00c9ibar no termina de hallar su posici\u00f3n, y la \u00fanica de la que ha sacado un poco de provecho es de falso extremo, campamento base desde donde parte hacia aventuras interiores con el fin de crear superioridad en el centro del campo o alguna fisura para disparar su ca\u00f1\u00f3n a\u00fan silenciado. Con recursos en los pies pero sin esp\u00edritu de sacrificio en la presi\u00f3n y en un terreno donde perder\u00eda contacto con el bal\u00f3n, presumiblemente aislado de espaldas a porter\u00eda, a Aketxe es mejor dejarlo donde est\u00e1 a la espera de que su aportaci\u00f3n, hasta ahora muy por debajo de lo esperado, vaya creciendo.<\/p>\n<p>El mejor remedio, el menos conflictivo, es casero, natural y no implica mudanzas que podr\u00edan generar confusi\u00f3n, algo que ya ha sucedido con los experimentos contra Eldense y Castell\u00f3n. Supondr\u00eda entregar la segunda titularidad del curso a Pau Sans, conocedor de todo el firmamento ofensivo y perfectamente compatible con Az\u00f3n por la mezcla de diferentes perfiles que se complementan. En fase de contenci\u00f3n, su repetici\u00f3n de esfuerzos duplicar\u00eda el potencial de coacci\u00f3n sobre la defensa rival en sus intentos de salir con la pelota desde atr\u00e1s, y en labores de embestida, el joven canterano dispone de virtudes asociativas, descaro si le ofrecen pasillos y calidad en la toma de decisiones individuales. Si pisa territorio de gol, su capacidad para definir es alta. El dueto Az\u00f3n-Sans frente al M\u00e1laga presenta en teor\u00eda m\u00e1s beneficios para el Real Zaragoza que cualquier otra combinaci\u00f3n.<\/p>\n","protected":false},"excerpt":{"rendered":"<p>Mar\u00ed es la soluci\u00f3n m\u00e1s natural y menos arm\u00f3nica, con un abanico de opciones que implica demasiados movimientos y que favorece al joven punta como pareja del goleador No lo tiene sencillo V\u00edctor Fern\u00e1ndez para solventar las bajas de Mario Sober\u00f3n, una lesi\u00f3n que se le ha ido de las <a class=\"read-more\" href=\"https:\/\/principesdeparis.es\/principes\/el-mejor-socio-para-azon-pau-sans\/\">Sigue leyendo<\/a><\/p>\n","protected":false},"author":2,"featured_media":17136,"comment_status":"open","ping_status":"open","sticky":false,"template":"","format":"standard","meta":{"footnotes":""},"categories":[13,1],"tags":[],"class_list":["post-17135","post","type-post","status-publish","format-standard","has-post-thumbnail","hentry","category-publicidad","category-real-zaragoza"],"_links":{"self":[{"href":"https:\/\/principesdeparis.es\/principes\/wp-json\/wp\/v2\/posts\/17135","targetHints":{"allow":["GET"]}}],"collection":[{"href":"https:\/\/principesdeparis.es\/principes\/wp-json\/wp\/v2\/posts"}],"about":[{"href":"https:\/\/principesdeparis.es\/principes\/wp-json\/wp\/v2\/types\/post"}],"author":[{"embeddable":true,"href":"https:\/\/principesdeparis.es\/principes\/wp-json\/wp\/v2\/users\/2"}],"replies":[{"embeddable":true,"href":"https:\/\/principesdeparis.es\/principes\/wp-json\/wp\/v2\/comments?post=17135"}],"version-history":[{"count":1,"href":"https:\/\/principesdeparis.es\/principes\/wp-json\/wp\/v2\/posts\/17135\/revisions"}],"predecessor-version":[{"id":17137,"href":"https:\/\/principesdeparis.es\/principes\/wp-json\/wp\/v2\/posts\/17135\/revisions\/17137"}],"wp:featuredmedia":[{"embeddable":true,"href":"https:\/\/principesdeparis.es\/principes\/wp-json\/wp\/v2\/media\/17136"}],"wp:attachment":[{"href":"https:\/\/principesdeparis.es\/principes\/wp-json\/wp\/v2\/media?parent=17135"}],"wp:term":[{"taxonomy":"category","embeddable":true,"href":"https:\/\/principesdeparis.es\/principes\/wp-json\/wp\/v2\/categories?post=17135"},{"taxonomy":"post_tag","embeddable":true,"href":"https:\/\/principesdeparis.es\/principes\/wp-json\/wp\/v2\/tags?post=17135"}],"curies":[{"name":"wp","href":"https:\/\/api.w.org\/{rel}","templated":true}]}}